{"id":68378,"date":"2019-02-13T12:30:34","date_gmt":"2019-02-13T11:30:34","guid":{"rendered":"https:\/\/zjarr.tv\/?p=68378"},"modified":"2019-02-13T12:30:34","modified_gmt":"2019-02-13T11:30:34","slug":"pavaresia-e-katalonjes-ish-zyrtaret-rrezikojne-deri-ne-25-vjet-burg","status":"publish","type":"post","link":"https:\/\/zjarr.tv\/en\/pavaresia-e-katalonjes-ish-zyrtaret-rrezikojne-deri-ne-25-vjet-burg\/","title":{"rendered":"Pavar\u00ebsia e Katalonj\u00ebs, ish-zyrtar\u00ebt rrezikojn\u00eb deri n\u00eb 25 vjet burg"},"content":{"rendered":"<p>Udh\u00ebheq\u00ebsit e p\u00ebrpjekjes s\u00eb d\u00ebshtuar p\u00ebr pavar\u00ebsin\u00eb e rajonit t\u00eb Katalonj\u00ebs n\u00eb Spanj\u00eb dol\u00ebn p\u00ebr para nj\u00eb gjykate n\u00eb Madrid t\u00eb mart\u00ebn, pasi akuzohen p\u00ebr rebelimin dhe kryengritje. N\u00ebse do t\u00eb gjenden fajtor\u00eb, ata mund t\u00eb d\u00ebnohen deri n\u00eb 25 vjet burg. Udh\u00ebheq\u00ebsi m\u00eb i lart\u00eb katalan i arrestuar \u00ebsht\u00eb ish-zv.\/presidenti Oriol Junqueras. Nd\u00ebrkoh\u00eb ish-presidenti i rajonit, Carles Puigdemont, mundi t\u00eb arratisej dhe vazhdon t\u00eb jetoj\u00eb n\u00eb azil. Avokati mbrojt\u00ebs i zotit Junqueras, Andreu Van den Eynde, tha n\u00eb sall\u00ebn e gjyqit se nuk ka ndonj\u00eb ligj t\u00eb Bashkimit Europian q\u00eb ndalon shk\u00ebputjen e ndonj\u00eb entiteti n\u00ebn-shtet\u00ebror. \u201cNe do ta mbrojm\u00eb vet\u00ebvendosjen. \u00cbsht\u00eb sinonim i paqes dhe jo i luft\u00ebs, \u00ebsht\u00eb parim demokratik dhe nuk do t\u00eb rreshtim s\u00eb p\u00ebrs\u00ebrituri k\u00ebt\u00eb n\u00eb gjykat\u00eb.&#8221; Zoti Junqueras rrezikon t\u00eb marr\u00eb d\u00ebnimin m\u00eb t\u00eb r\u00ebnd\u00eb, deri n\u00eb 25 vjet, n\u00ebse d\u00ebnohet p\u00ebr rebelim. Rajoni gjysm\u00ebautonom i Katalonj\u00ebs zhvilloi referendumin p\u00ebr pavar\u00ebsi \u00a0m\u00eb 1 tetor t\u00eb vitit 2017 dhe shpalli shk\u00ebputjen nga Spanja nj\u00eb jav\u00eb m\u00eb von\u00eb. Autoritetet spanjolle e shpall\u00ebn t\u00eb paligjsh\u00ebm votimin dhe qeveria qendrore mori drejtimin e drejtp\u00ebrdrejt\u00eb t\u00eb rajonit. Kriza e Katalonj\u00ebs konsiderohet si m\u00eb seriozja q\u00eb ka p\u00ebrfshir\u00eb Spanj\u00ebn q\u00eb nga epoka fashiste e diktatorit Francisco Franco. N\u00ebnt\u00eb prej t\u00eb akuzuarve kan\u00eb q\u00ebndruar p\u00ebr muaj t\u00eb t\u00ebr\u00eb n\u00eb paraburgim, nd\u00ebrsa t\u00eb mart\u00ebn n\u00eb m\u00ebngjes mb\u00ebrrit\u00ebn n\u00eb gjykat\u00eb n\u00ebn masa t\u00eb rrepta sigurie. Tre t\u00eb tjer\u00eb do t\u00eb gjykohen n\u00eb gjendje t\u00eb lir\u00eb.<\/p>\n<p>&nbsp;<\/p>","protected":false},"excerpt":{"rendered":"<p>Udh\u00ebheq\u00ebsit e p\u00ebrpjekjes s\u00eb d\u00ebshtuar p\u00ebr pavar\u00ebsin\u00eb e rajonit t\u00eb Katalonj\u00ebs n\u00eb Spanj\u00eb dol\u00ebn p\u00ebr para nj\u00eb gjykate n\u00eb Madrid t\u00eb mart\u00ebn, pasi akuzohen p\u00ebr rebelimin dhe kryengritje. N\u00ebse do t\u00eb gjenden fajtor\u00eb, ata mund t\u00eb d\u00ebnohen deri n\u00eb 25 vjet burg. Udh\u00ebheq\u00ebsi m\u00eb i lart\u00eb katalan i arrestuar \u00ebsht\u00eb ish-zv.\/presidenti Oriol Junqueras. Nd\u00ebrkoh\u00eb ish-presidenti [&hellip;]<\/p>\n","protected":false},"author":2013,"featured_media":68379,"comment_status":"open","ping_status":"closed","sticky":false,"template":"","format":"standard","meta":{"footnotes":""},"categories":[241,191],"tags":[],"class_list":{"0":"post-68378","1":"post","2":"type-post","3":"status-publish","4":"format-standard","5":"has-post-thumbnail","7":"category-aktualitet","8":"category-bota"},"_links":{"self":[{"href":"https:\/\/zjarr.tv\/en\/wp-json\/wp\/v2\/posts\/68378","targetHints":{"allow":["GET"]}}],"collection":[{"href":"https:\/\/zjarr.tv\/en\/wp-json\/wp\/v2\/posts"}],"about":[{"href":"https:\/\/zjarr.tv\/en\/wp-json\/wp\/v2\/types\/post"}],"author":[{"embeddable":true,"href":"https:\/\/zjarr.tv\/en\/wp-json\/wp\/v2\/users\/2013"}],"replies":[{"embeddable":true,"href":"https:\/\/zjarr.tv\/en\/wp-json\/wp\/v2\/comments?post=68378"}],"version-history":[{"count":0,"href":"https:\/\/zjarr.tv\/en\/wp-json\/wp\/v2\/posts\/68378\/revisions"}],"wp:featuredmedia":[{"embeddable":true,"href":"https:\/\/zjarr.tv\/en\/wp-json\/wp\/v2\/media\/68379"}],"wp:attachment":[{"href":"https:\/\/zjarr.tv\/en\/wp-json\/wp\/v2\/media?parent=68378"}],"wp:term":[{"taxonomy":"category","embeddable":true,"href":"https:\/\/zjarr.tv\/en\/wp-json\/wp\/v2\/categories?post=68378"},{"taxonomy":"post_tag","embeddable":true,"href":"https:\/\/zjarr.tv\/en\/wp-json\/wp\/v2\/tags?post=68378"}],"curies":[{"name":"wp","href":"https:\/\/api.w.org\/{rel}","templated":true}]}}