{"id":68455,"date":"2019-02-13T15:05:17","date_gmt":"2019-02-13T14:05:17","guid":{"rendered":"https:\/\/zjarr.tv\/?p=68455"},"modified":"2019-02-13T15:05:17","modified_gmt":"2019-02-13T14:05:17","slug":"ish-kampioni-i-botes-zgjohet-nga-koma","status":"publish","type":"post","link":"https:\/\/zjarr.tv\/en\/ish-kampioni-i-botes-zgjohet-nga-koma\/","title":{"rendered":"Ish-kampioni i bot\u00ebs zgjohet nga koma"},"content":{"rendered":"<p>Lajme shum\u00eb t\u00eb mira p\u00ebr ish-kampionin e bot\u00ebs n\u00eb boks, Adonis Stevenson.<br \/>\n41 vje\u00e7ari nga Haiti \u00ebsht\u00eb zgjuar pas 3 jav\u00ebsh n\u00eb koma, pas p\u00ebrballjes s\u00eb 1 dhjetorit kund\u00ebr Oleksandr Gvozdyk.Konfirmimi ka ardhur nga e dashura e tij, Simone God, q\u00eb p\u00ebrmes nj\u00eb deklarate p\u00ebr shtyp zbuloi gjendjen aktuale t\u00eb Stevenson.<\/p>\n<p><em>&#8220;Pavar\u00ebsisht se raportet e koh\u00ebve t\u00eb fundit po shp\u00ebrthejn\u00eb n\u00eb media, kam dashur t\u00eb sqaroj se Adonis \u00ebsht\u00eb zgjuar. Ai \u00ebsht\u00eb duke sh\u00ebruar nga l\u00ebndimet e tij n\u00eb kompanin\u00eb private t\u00eb familjes s\u00eb tij dhe ekipin e tij t\u00eb p\u00ebrkushtuar mjek\u00ebsor. Adonis \u00ebsht\u00eb nj\u00eb kampion bot\u00ebror n\u00eb ring dhe po shfaq nj\u00eb forc\u00eb dhe vendosm\u00ebri t\u00eb madhe p\u00ebr sh\u00ebrimin e tij<\/em>&#8220;.-shkruan God.<\/p>\n<p>Stevenson u d\u00ebrgua n\u00eb spital n\u00eb gjendje t\u00eb r\u00ebnd\u00eb, nd\u00ebrsa m\u00eb von\u00eb u raportua si &#8220;e q\u00ebndrueshme&#8221;, por boksieri k\u00ebrkoi ndihm\u00eb mekanike p\u00ebr t\u00eb marr\u00eb frym\u00eb.<\/p>\n<p>&nbsp;<\/p>","protected":false},"excerpt":{"rendered":"<p>Lajme shum\u00eb t\u00eb mira p\u00ebr ish-kampionin e bot\u00ebs n\u00eb boks, Adonis Stevenson. 41 vje\u00e7ari nga Haiti \u00ebsht\u00eb zgjuar pas 3 jav\u00ebsh n\u00eb koma, pas p\u00ebrballjes s\u00eb 1 dhjetorit kund\u00ebr Oleksandr Gvozdyk.Konfirmimi ka ardhur nga e dashura e tij, Simone God, q\u00eb p\u00ebrmes nj\u00eb deklarate p\u00ebr shtyp zbuloi gjendjen aktuale t\u00eb Stevenson. &#8220;Pavar\u00ebsisht se raportet e [&hellip;]<\/p>\n","protected":false},"author":2013,"featured_media":68456,"comment_status":"open","ping_status":"closed","sticky":false,"template":"","format":"standard","meta":{"footnotes":""},"categories":[241,192],"tags":[],"class_list":{"0":"post-68455","1":"post","2":"type-post","3":"status-publish","4":"format-standard","5":"has-post-thumbnail","7":"category-aktualitet","8":"category-sport"},"_links":{"self":[{"href":"https:\/\/zjarr.tv\/en\/wp-json\/wp\/v2\/posts\/68455","targetHints":{"allow":["GET"]}}],"collection":[{"href":"https:\/\/zjarr.tv\/en\/wp-json\/wp\/v2\/posts"}],"about":[{"href":"https:\/\/zjarr.tv\/en\/wp-json\/wp\/v2\/types\/post"}],"author":[{"embeddable":true,"href":"https:\/\/zjarr.tv\/en\/wp-json\/wp\/v2\/users\/2013"}],"replies":[{"embeddable":true,"href":"https:\/\/zjarr.tv\/en\/wp-json\/wp\/v2\/comments?post=68455"}],"version-history":[{"count":0,"href":"https:\/\/zjarr.tv\/en\/wp-json\/wp\/v2\/posts\/68455\/revisions"}],"wp:featuredmedia":[{"embeddable":true,"href":"https:\/\/zjarr.tv\/en\/wp-json\/wp\/v2\/media\/68456"}],"wp:attachment":[{"href":"https:\/\/zjarr.tv\/en\/wp-json\/wp\/v2\/media?parent=68455"}],"wp:term":[{"taxonomy":"category","embeddable":true,"href":"https:\/\/zjarr.tv\/en\/wp-json\/wp\/v2\/categories?post=68455"},{"taxonomy":"post_tag","embeddable":true,"href":"https:\/\/zjarr.tv\/en\/wp-json\/wp\/v2\/tags?post=68455"}],"curies":[{"name":"wp","href":"https:\/\/api.w.org\/{rel}","templated":true}]}}