{"id":68816,"date":"2019-02-15T17:54:15","date_gmt":"2019-02-15T16:54:15","guid":{"rendered":"https:\/\/zjarr.tv\/?p=68816"},"modified":"2019-02-15T17:54:15","modified_gmt":"2019-02-15T16:54:15","slug":"i-derguari-i-vatikanit-perballet-me-akuza-per-sulm-seksual","status":"publish","type":"post","link":"https:\/\/zjarr.tv\/en\/i-derguari-i-vatikanit-perballet-me-akuza-per-sulm-seksual\/","title":{"rendered":"I d\u00ebrguari i Vatikanit p\u00ebrballet me akuza p\u00ebr sulm seksual"},"content":{"rendered":"<p>Ambasadori i Vatikanit n\u00eb Franc\u00eb \u00ebsht\u00eb n\u00ebn hetim p\u00ebr sulme seksuale. Luigi Ventura, 74 vje\u00e7, pretendohet se ka ngacmuar nj\u00eb zyrtar gjat\u00eb nj\u00eb fjalimi adresuar diplomat\u00ebve n\u00eb Paris, m\u00eb 17 janar. Zyra e kryebashkiakut t\u00eb qytetit paraqiti nj\u00eb ankes\u00eb m\u00eb 24 janar dhe nj\u00eb hetim gjyq\u00ebsor u hap dit\u00ebn tjet\u00ebr. Kryepeshkopi Ventura ka sh\u00ebrbyer si ambasador p\u00ebr 10 vjet. Pretendimet vijn\u00eb n\u00eb mes t\u00eb val\u00ebs s\u00eb akuzave p\u00ebr abuzime seksuale nga klerik\u00ebt. Nj\u00eb zyrtar i Bashkis\u00eb tha p\u00ebr Reuters se Kryepeshkopi Ventura preku n\u00eb t\u00eb pasmet n\u00eb m\u00ebnyr\u00eb t\u00eb p\u00ebrs\u00ebritur dhe me k\u00ebmb\u00ebngulje zytarin gjat\u00eb eventit. Jav\u00ebn e kaluar, Papa Fran\u00e7esku pranoi abuzimin seksual t\u00eb murgeshave nga prift\u00ebrinjt\u00eb dhe n\u00eb dhjetor dy kardinal\u00ebve iu hoq titulli pas akuzave p\u00ebr abuzime.<\/p>\n<p>&nbsp;<\/p>","protected":false},"excerpt":{"rendered":"<p>Ambasadori i Vatikanit n\u00eb Franc\u00eb \u00ebsht\u00eb n\u00ebn hetim p\u00ebr sulme seksuale. Luigi Ventura, 74 vje\u00e7, pretendohet se ka ngacmuar nj\u00eb zyrtar gjat\u00eb nj\u00eb fjalimi adresuar diplomat\u00ebve n\u00eb Paris, m\u00eb 17 janar. Zyra e kryebashkiakut t\u00eb qytetit paraqiti nj\u00eb ankes\u00eb m\u00eb 24 janar dhe nj\u00eb hetim gjyq\u00ebsor u hap dit\u00ebn tjet\u00ebr. Kryepeshkopi Ventura ka sh\u00ebrbyer si [&hellip;]<\/p>\n","protected":false},"author":2013,"featured_media":0,"comment_status":"open","ping_status":"closed","sticky":false,"template":"","format":"standard","meta":{"footnotes":""},"categories":[241,191],"tags":[],"class_list":{"0":"post-68816","1":"post","2":"type-post","3":"status-publish","4":"format-standard","6":"category-aktualitet","7":"category-bota"},"_links":{"self":[{"href":"https:\/\/zjarr.tv\/en\/wp-json\/wp\/v2\/posts\/68816","targetHints":{"allow":["GET"]}}],"collection":[{"href":"https:\/\/zjarr.tv\/en\/wp-json\/wp\/v2\/posts"}],"about":[{"href":"https:\/\/zjarr.tv\/en\/wp-json\/wp\/v2\/types\/post"}],"author":[{"embeddable":true,"href":"https:\/\/zjarr.tv\/en\/wp-json\/wp\/v2\/users\/2013"}],"replies":[{"embeddable":true,"href":"https:\/\/zjarr.tv\/en\/wp-json\/wp\/v2\/comments?post=68816"}],"version-history":[{"count":0,"href":"https:\/\/zjarr.tv\/en\/wp-json\/wp\/v2\/posts\/68816\/revisions"}],"wp:attachment":[{"href":"https:\/\/zjarr.tv\/en\/wp-json\/wp\/v2\/media?parent=68816"}],"wp:term":[{"taxonomy":"category","embeddable":true,"href":"https:\/\/zjarr.tv\/en\/wp-json\/wp\/v2\/categories?post=68816"},{"taxonomy":"post_tag","embeddable":true,"href":"https:\/\/zjarr.tv\/en\/wp-json\/wp\/v2\/tags?post=68816"}],"curies":[{"name":"wp","href":"https:\/\/api.w.org\/{rel}","templated":true}]}}