{"id":69777,"date":"2019-02-21T11:12:08","date_gmt":"2019-02-21T10:12:08","guid":{"rendered":"https:\/\/zjarr.tv\/?p=69777"},"modified":"2019-02-21T11:14:00","modified_gmt":"2019-02-21T10:14:00","slug":"idrizi-mes-protestuesve-rama-ik-o-dallkauk-o-99-c","status":"publish","type":"post","link":"https:\/\/zjarr.tv\/en\/idrizi-mes-protestuesve-rama-ik-o-dallkauk-o-99-c\/","title":{"rendered":"Idrizi mes protestuesve: Rama ik o dallkauk, o 99- \u00e7"},"content":{"rendered":"<p style=\"background: white;margin: 0in 0in 7.5pt 0in\"><span style=\"color: #333333\">Nga protesta para parlamentit kreu i PDIU-s\u00eb, \u00a0Shp\u00ebtim Idrizi b\u00ebn apel kryeministrit Edi Rama q\u00eb t\u00eb largohet.<\/span><\/p>\n<p style=\"background: white;text-align: start;margin: 0in 0in 7.5pt 0in\"><em><span style=\"color: #333333\">&#8220;Jemi ngritur p\u00ebr t\u00eb rr\u00ebzuar diktatur\u00ebn mavi. Jam sot k\u00ebtu p\u00ebr ti th\u00ebn\u00eb dallkaukut t\u00eb p\u00ebrparimit hapi rrug\u00eb shqiptar\u00ebve dhe zgjedhjeve t\u00eb lira, sepse shqiptar\u00ebt do ta marrin fatin n\u00eb dor\u00eb.\u00a0Sot ka ardhur dita t\u00eb ik\u00ebsh ti sepse ndryshme shqiptar\u00ebt, demokrat\u00ebt jan\u00eb t\u00eb gatsh\u00ebm si\u00e7 larguan diktatur\u00ebn do b\u00ebjn\u00eb \u00e7do dit\u00eb 20 shkurtin p\u00ebr ti sjell\u00eb liri shqip\u00ebris\u00eb. O 99-\u00e7 hapi rrug\u00eb demokracis\u00eb.&#8221;<\/span><\/em><\/p>","protected":false},"excerpt":{"rendered":"<p>Nga protesta para parlamentit kreu i PDIU-s\u00eb, \u00a0Shp\u00ebtim Idrizi b\u00ebn apel kryeministrit Edi Rama q\u00eb t\u00eb largohet. &#8220;Jemi ngritur p\u00ebr t\u00eb rr\u00ebzuar diktatur\u00ebn mavi. Jam sot k\u00ebtu p\u00ebr ti th\u00ebn\u00eb dallkaukut t\u00eb p\u00ebrparimit hapi rrug\u00eb shqiptar\u00ebve dhe zgjedhjeve t\u00eb lira, sepse shqiptar\u00ebt do ta marrin fatin n\u00eb dor\u00eb.\u00a0Sot ka ardhur dita t\u00eb ik\u00ebsh ti sepse [&hellip;]<\/p>\n","protected":false},"author":2020,"featured_media":69787,"comment_status":"open","ping_status":"closed","sticky":false,"template":"","format":"standard","meta":{"footnotes":""},"categories":[241,231,235],"tags":[],"class_list":{"0":"post-69777","1":"post","2":"type-post","3":"status-publish","4":"format-standard","5":"has-post-thumbnail","7":"category-aktualitet","8":"category-lajme","9":"category-vendi"},"_links":{"self":[{"href":"https:\/\/zjarr.tv\/en\/wp-json\/wp\/v2\/posts\/69777","targetHints":{"allow":["GET"]}}],"collection":[{"href":"https:\/\/zjarr.tv\/en\/wp-json\/wp\/v2\/posts"}],"about":[{"href":"https:\/\/zjarr.tv\/en\/wp-json\/wp\/v2\/types\/post"}],"author":[{"embeddable":true,"href":"https:\/\/zjarr.tv\/en\/wp-json\/wp\/v2\/users\/2020"}],"replies":[{"embeddable":true,"href":"https:\/\/zjarr.tv\/en\/wp-json\/wp\/v2\/comments?post=69777"}],"version-history":[{"count":0,"href":"https:\/\/zjarr.tv\/en\/wp-json\/wp\/v2\/posts\/69777\/revisions"}],"wp:featuredmedia":[{"embeddable":true,"href":"https:\/\/zjarr.tv\/en\/wp-json\/wp\/v2\/media\/69787"}],"wp:attachment":[{"href":"https:\/\/zjarr.tv\/en\/wp-json\/wp\/v2\/media?parent=69777"}],"wp:term":[{"taxonomy":"category","embeddable":true,"href":"https:\/\/zjarr.tv\/en\/wp-json\/wp\/v2\/categories?post=69777"},{"taxonomy":"post_tag","embeddable":true,"href":"https:\/\/zjarr.tv\/en\/wp-json\/wp\/v2\/tags?post=69777"}],"curies":[{"name":"wp","href":"https:\/\/api.w.org\/{rel}","templated":true}]}}