{"id":69785,"date":"2019-02-21T11:14:40","date_gmt":"2019-02-21T10:14:40","guid":{"rendered":"https:\/\/zjarr.tv\/?p=69785"},"modified":"2019-02-21T11:14:40","modified_gmt":"2019-02-21T10:14:40","slug":"veprimi-i-opozites-pengon-demokracine-hahn-mogherini-denojme-dhunen","status":"publish","type":"post","link":"https:\/\/zjarr.tv\/en\/veprimi-i-opozites-pengon-demokracine-hahn-mogherini-denojme-dhunen\/","title":{"rendered":"&#8216;Veprimi i opozit\u00ebs pengon demokracin\u00eb&#8217;, Hahn-Mogherini: D\u00ebnojm\u00eb dhun\u00ebn!"},"content":{"rendered":"<p>Shefja e Politik\u00ebs s\u00eb Jashtme t\u00eb Bashkimit Europian, Federica Mogerini dhe komisioneri p\u00ebr zgjerimin, Johannes Hahn dalin me deklarat\u00eb t\u00eb p\u00ebrbashk\u00ebt, lidhur me protest\u00ebn e sotme t\u00eb opozit\u00ebs dhe zhvillimet n\u00eb politik\u00ebn shqiptare.<\/p>\n<p>\u201cDuke pasur parasysh protestat n\u00eb Shqip\u00ebri sot, ne riafirmojm\u00eb t\u00eb drejt\u00ebn e qytetar\u00ebve p\u00ebr t\u2019u angazhuar n\u00eb demonstrata paq\u00ebsore si nj\u00eb tipar thelb\u00ebsor dhe nj\u00eb vler\u00eb thelb\u00ebsore e demokracis\u00eb, por ne fuqimisht denoncojm\u00eb \u00e7do retorik\u00eb nga udh\u00ebheq\u00ebsit politik\u00eb q\u00eb b\u00ebjn\u00eb thirrje p\u00ebr dhun\u00eb\u201d, thuhet n\u00eb deklarat\u00eb.<\/p>\n<p>P\u00ebr m\u00eb tep\u00ebr, n\u00ebnvizohet se vendimi i opozit\u00ebs p\u00ebr heqjen dor\u00eb nga mandatet e tyre pengon seriozisht funksionimin e demokracis\u00eb n\u00eb Shqip\u00ebri, nd\u00ebrsa thuhet se Parlamenti \u00ebsht\u00eb vendi ku reformat dhe zhvillimet p\u00ebrkat\u00ebse duhet t\u00eb diskutohen dhe t\u00eb merren p\u00ebrpara, e jo t\u00eb bojkotohen.<\/p>\n<p>\u201cK\u00ebto vendime dhe akte jan\u00eb kund\u00ebrproduktive, shkojn\u00eb kund\u00ebr zgjedhjes demokratike t\u00eb shtetasve shqiptar\u00eb dhe minojn\u00eb progresin q\u00eb vendi ka b\u00ebr\u00eb n\u00eb rrug\u00ebn e Bashkimit Evropian. Bashkimi Evropian pret q\u00eb t\u00eb gjith\u00eb an\u00ebtar\u00ebt e Parlamentit shqiptar t\u00eb mbrojn\u00eb idealet dhe parimet e demokracis\u00eb, t\u00eb vazhdojn\u00eb t\u00eb sh\u00ebrbejn\u00eb n\u00eb Kuvend dhe t\u00eb marrin t\u00eb gjitha masat e nevojshme p\u00ebr t\u00eb shmangur aktet e dhunshme dhe deklaratat nxit\u00ebse.<\/p>\n<p>Ne po ashtu presim q\u00eb qeveria dhe opozita t\u00eb angazhohen n\u00eb diskutime konstruktive me q\u00ebllim tejkalimin e situat\u00ebs aktuale politike n\u00eb t\u00eb mir\u00eb t\u00eb Shqip\u00ebris\u00eb dhe qytetar\u00ebve t\u00eb saj\u201d, deklarohet m\u00eb tej.<\/p>","protected":false},"excerpt":{"rendered":"<p>Shefja e Politik\u00ebs s\u00eb Jashtme t\u00eb Bashkimit Europian, Federica Mogerini dhe komisioneri p\u00ebr zgjerimin, Johannes Hahn dalin me deklarat\u00eb t\u00eb p\u00ebrbashk\u00ebt, lidhur me protest\u00ebn e sotme t\u00eb opozit\u00ebs dhe zhvillimet n\u00eb politik\u00ebn shqiptare. \u201cDuke pasur parasysh protestat n\u00eb Shqip\u00ebri sot, ne riafirmojm\u00eb t\u00eb drejt\u00ebn e qytetar\u00ebve p\u00ebr t\u2019u angazhuar n\u00eb demonstrata paq\u00ebsore si nj\u00eb tipar [&hellip;]<\/p>\n","protected":false},"author":4,"featured_media":69788,"comment_status":"open","ping_status":"closed","sticky":false,"template":"","format":"standard","meta":{"footnotes":""},"categories":[241,231,235],"tags":[],"class_list":{"0":"post-69785","1":"post","2":"type-post","3":"status-publish","4":"format-standard","5":"has-post-thumbnail","7":"category-aktualitet","8":"category-lajme","9":"category-vendi"},"_links":{"self":[{"href":"https:\/\/zjarr.tv\/en\/wp-json\/wp\/v2\/posts\/69785","targetHints":{"allow":["GET"]}}],"collection":[{"href":"https:\/\/zjarr.tv\/en\/wp-json\/wp\/v2\/posts"}],"about":[{"href":"https:\/\/zjarr.tv\/en\/wp-json\/wp\/v2\/types\/post"}],"author":[{"embeddable":true,"href":"https:\/\/zjarr.tv\/en\/wp-json\/wp\/v2\/users\/4"}],"replies":[{"embeddable":true,"href":"https:\/\/zjarr.tv\/en\/wp-json\/wp\/v2\/comments?post=69785"}],"version-history":[{"count":0,"href":"https:\/\/zjarr.tv\/en\/wp-json\/wp\/v2\/posts\/69785\/revisions"}],"wp:featuredmedia":[{"embeddable":true,"href":"https:\/\/zjarr.tv\/en\/wp-json\/wp\/v2\/media\/69788"}],"wp:attachment":[{"href":"https:\/\/zjarr.tv\/en\/wp-json\/wp\/v2\/media?parent=69785"}],"wp:term":[{"taxonomy":"category","embeddable":true,"href":"https:\/\/zjarr.tv\/en\/wp-json\/wp\/v2\/categories?post=69785"},{"taxonomy":"post_tag","embeddable":true,"href":"https:\/\/zjarr.tv\/en\/wp-json\/wp\/v2\/tags?post=69785"}],"curies":[{"name":"wp","href":"https:\/\/api.w.org\/{rel}","templated":true}]}}