{"id":69790,"date":"2019-02-21T11:16:20","date_gmt":"2019-02-21T10:16:20","guid":{"rendered":"https:\/\/zjarr.tv\/?p=69790"},"modified":"2019-02-21T11:16:20","modified_gmt":"2019-02-21T10:16:20","slug":"opozita-ne-proteste-rama-koke-me-koke-me-rucin","status":"publish","type":"post","link":"https:\/\/zjarr.tv\/en\/opozita-ne-proteste-rama-koke-me-koke-me-rucin\/","title":{"rendered":"Opozita n\u00eb protest\u00eb, Rama \u2018kok\u00eb m\u00eb kok\u00eb\u2019 me Ru\u00e7in"},"content":{"rendered":"<p>Teksa opozita ka nisur protest\u00ebn me qindra shqiptar\u00eb t\u00eb mbledhur para Kuvendit, kryeministri Rama \u00ebsht\u00eb par\u00eb t\u00eb futet n\u00eb ambientet e Kryesis\u00eb s\u00eb Kuvendit.<\/p>\n<p>M\u00ebsohet se kryeministri \u00ebsht\u00eb takuar me kreun e Kuvendit, Gramoz Ru\u00e7i, me t\u00eb cilin po diskutohet mbi l\u00ebvizjen ekstreme t\u00eb opozit\u00ebs, q\u00eb vendosi djegien e mandateve.<\/p>\n<p>Dit\u00ebn e djeshme, kryeparlamentari Ru\u00e7i d\u00ebnoi vendimin e opozit\u00ebs duke th\u00ebn\u00eb se po pengon \u00e7eljen e negociatave me BE-n\u00eb, nd\u00ebrsa vendosi anulimin e seanc\u00ebs s\u00eb sotme plenare.<\/p>\n<p><strong>\u00a0<\/strong><\/p>","protected":false},"excerpt":{"rendered":"<p>Teksa opozita ka nisur protest\u00ebn me qindra shqiptar\u00eb t\u00eb mbledhur para Kuvendit, kryeministri Rama \u00ebsht\u00eb par\u00eb t\u00eb futet n\u00eb ambientet e Kryesis\u00eb s\u00eb Kuvendit. M\u00ebsohet se kryeministri \u00ebsht\u00eb takuar me kreun e Kuvendit, Gramoz Ru\u00e7i, me t\u00eb cilin po diskutohet mbi l\u00ebvizjen ekstreme t\u00eb opozit\u00ebs, q\u00eb vendosi djegien e mandateve. Dit\u00ebn e djeshme, kryeparlamentari Ru\u00e7i [&hellip;]<\/p>\n","protected":false},"author":4,"featured_media":69792,"comment_status":"open","ping_status":"closed","sticky":false,"template":"","format":"standard","meta":{"footnotes":""},"categories":[241,231,235],"tags":[],"class_list":{"0":"post-69790","1":"post","2":"type-post","3":"status-publish","4":"format-standard","5":"has-post-thumbnail","7":"category-aktualitet","8":"category-lajme","9":"category-vendi"},"_links":{"self":[{"href":"https:\/\/zjarr.tv\/en\/wp-json\/wp\/v2\/posts\/69790","targetHints":{"allow":["GET"]}}],"collection":[{"href":"https:\/\/zjarr.tv\/en\/wp-json\/wp\/v2\/posts"}],"about":[{"href":"https:\/\/zjarr.tv\/en\/wp-json\/wp\/v2\/types\/post"}],"author":[{"embeddable":true,"href":"https:\/\/zjarr.tv\/en\/wp-json\/wp\/v2\/users\/4"}],"replies":[{"embeddable":true,"href":"https:\/\/zjarr.tv\/en\/wp-json\/wp\/v2\/comments?post=69790"}],"version-history":[{"count":0,"href":"https:\/\/zjarr.tv\/en\/wp-json\/wp\/v2\/posts\/69790\/revisions"}],"wp:featuredmedia":[{"embeddable":true,"href":"https:\/\/zjarr.tv\/en\/wp-json\/wp\/v2\/media\/69792"}],"wp:attachment":[{"href":"https:\/\/zjarr.tv\/en\/wp-json\/wp\/v2\/media?parent=69790"}],"wp:term":[{"taxonomy":"category","embeddable":true,"href":"https:\/\/zjarr.tv\/en\/wp-json\/wp\/v2\/categories?post=69790"},{"taxonomy":"post_tag","embeddable":true,"href":"https:\/\/zjarr.tv\/en\/wp-json\/wp\/v2\/tags?post=69790"}],"curies":[{"name":"wp","href":"https:\/\/api.w.org\/{rel}","templated":true}]}}