{"id":69794,"date":"2019-02-21T11:25:29","date_gmt":"2019-02-21T10:25:29","guid":{"rendered":"https:\/\/zjarr.tv\/?p=69794"},"modified":"2019-02-21T11:25:29","modified_gmt":"2019-02-21T10:25:29","slug":"kush-jane-deputetet-qe-nuk-ju-binden-opozites-per-lenien-e-mandatit","status":"publish","type":"post","link":"https:\/\/zjarr.tv\/en\/kush-jane-deputetet-qe-nuk-ju-binden-opozites-per-lenien-e-mandatit\/","title":{"rendered":"Kush jan\u00eb deputet\u00ebt q\u00eb nuk ju bind\u00ebn opozit\u00ebs p\u00ebr l\u00ebnien e mandatit"},"content":{"rendered":"<p>Pasditja e s\u00eb m\u00ebrkur\u00ebs sh\u00ebnoi de fakto at\u00eb q\u00eb opozita kishte paralajm\u00ebruar, l\u00ebnien e mandateve t\u00eb deputet\u00ebve.<\/p>\n<p>Kryedemokrati Lulzim Basha dhe deputet\u00ebt e Partis\u00eb Demokratike, firmos\u00ebn nj\u00ebri pas tjetrit l\u00ebnien e mandatit.<\/p>\n<p>E nj\u00ebjta gj\u00eb u b\u00eb dhe nga kryetarja e L\u00ebvizjes Socialiste p\u00ebr Integrim, Monika Kryemadhi dhe deputet\u00ebt e saj.<\/p>\n<p>Por nd\u00ebrsa nga LSI, Lefter Koka deklaroi qysh n\u00eb krye t\u00eb her\u00ebs se nuk do e digjte mandatin, edhe n\u00eb radh\u00ebt e demokrat\u00ebve \u00ebsht\u00eb nj\u00eb deputete e cila nuk e ka l\u00ebn\u00eb mandatin.<\/p>\n<p>B\u00ebhet fjal\u00eb p\u00ebr vajz\u00ebn e Azem Hajdarit, deputeten Rudina Hajdari. Ajo ndodhet n\u00eb Belgjik\u00eb, ku po zhvillon diskutime lidhur me an\u00ebtar\u00ebsimin n\u00eb Bashkimin Europian dhe n\u00eb momentin q\u00eb koleg\u00ebt e saj kan\u00eb firmosur p\u00ebr l\u00ebnien e mandatit, ajo nuk e ka b\u00ebr\u00eb.<\/p>\n<p>Nuk dihet se cili do t\u00eb jet\u00eb veprimi i Hajdarit n\u00eb kthim, nd\u00ebrkoh\u00eb q\u00eb kujtojm\u00eb se gjat\u00eb protest\u00ebs s\u00eb student\u00ebve u shpreh e gatshme q\u00eb ti bashkohej protest\u00ebs dhe t\u00eb linte mandatin e deputetes.<\/p>","protected":false},"excerpt":{"rendered":"<p>Pasditja e s\u00eb m\u00ebrkur\u00ebs sh\u00ebnoi de fakto at\u00eb q\u00eb opozita kishte paralajm\u00ebruar, l\u00ebnien e mandateve t\u00eb deputet\u00ebve. Kryedemokrati Lulzim Basha dhe deputet\u00ebt e Partis\u00eb Demokratike, firmos\u00ebn nj\u00ebri pas tjetrit l\u00ebnien e mandatit. E nj\u00ebjta gj\u00eb u b\u00eb dhe nga kryetarja e L\u00ebvizjes Socialiste p\u00ebr Integrim, Monika Kryemadhi dhe deputet\u00ebt e saj. Por nd\u00ebrsa nga LSI, [&hellip;]<\/p>\n","protected":false},"author":4,"featured_media":69803,"comment_status":"open","ping_status":"closed","sticky":false,"template":"","format":"standard","meta":{"footnotes":""},"categories":[241,231,235],"tags":[],"class_list":{"0":"post-69794","1":"post","2":"type-post","3":"status-publish","4":"format-standard","5":"has-post-thumbnail","7":"category-aktualitet","8":"category-lajme","9":"category-vendi"},"_links":{"self":[{"href":"https:\/\/zjarr.tv\/en\/wp-json\/wp\/v2\/posts\/69794","targetHints":{"allow":["GET"]}}],"collection":[{"href":"https:\/\/zjarr.tv\/en\/wp-json\/wp\/v2\/posts"}],"about":[{"href":"https:\/\/zjarr.tv\/en\/wp-json\/wp\/v2\/types\/post"}],"author":[{"embeddable":true,"href":"https:\/\/zjarr.tv\/en\/wp-json\/wp\/v2\/users\/4"}],"replies":[{"embeddable":true,"href":"https:\/\/zjarr.tv\/en\/wp-json\/wp\/v2\/comments?post=69794"}],"version-history":[{"count":0,"href":"https:\/\/zjarr.tv\/en\/wp-json\/wp\/v2\/posts\/69794\/revisions"}],"wp:featuredmedia":[{"embeddable":true,"href":"https:\/\/zjarr.tv\/en\/wp-json\/wp\/v2\/media\/69803"}],"wp:attachment":[{"href":"https:\/\/zjarr.tv\/en\/wp-json\/wp\/v2\/media?parent=69794"}],"wp:term":[{"taxonomy":"category","embeddable":true,"href":"https:\/\/zjarr.tv\/en\/wp-json\/wp\/v2\/categories?post=69794"},{"taxonomy":"post_tag","embeddable":true,"href":"https:\/\/zjarr.tv\/en\/wp-json\/wp\/v2\/tags?post=69794"}],"curies":[{"name":"wp","href":"https:\/\/api.w.org\/{rel}","templated":true}]}}