{"id":69797,"date":"2019-02-21T11:22:48","date_gmt":"2019-02-21T10:22:48","guid":{"rendered":"https:\/\/zjarr.tv\/?p=69797"},"modified":"2019-02-21T11:22:48","modified_gmt":"2019-02-21T10:22:48","slug":"spiropali-berishes-e-lehte-rruga-e-lene-rrugeve-sali","status":"publish","type":"post","link":"https:\/\/zjarr.tv\/en\/spiropali-berishes-e-lehte-rruga-e-lene-rrugeve-sali\/","title":{"rendered":"Spiropali-Berish\u00ebs: E leht\u00eb rruga e l\u00ebn\u00eb rrug\u00ebve Sali!"},"content":{"rendered":"<p>Ministrja e Shtetit p\u00ebr Marr\u00ebdh\u00ebniet me Parlamentin ka reaguar p\u00ebrmes nj\u00eb postimi n\u00eb facebook, lidhur me djegien e mandateve nga deputet\u00eb t\u00eb opozit\u00ebs. Nd\u00ebrsa shp\u00ebrndan deklarat\u00ebn e ish kryeministrit Sali Berisha p\u00ebrmes s\u00eb cil\u00ebs heq dor\u00eb nga mandati i deputetit, Spiropali sjell n\u00eb v\u00ebmendje nj\u00eb shprehje t\u00eb Vaclav Havel: Komunisti m\u00eb i zi \u00ebsht\u00eb komunisti antikomunist!<\/p>\n<p>Asnj\u00eb k\u00ebnaq\u00ebsi p\u00ebr k\u00ebt\u00eb dor\u00ebzim t\u00eb nj\u00eb opozite q\u00eb pasi humbi zgjedhjet duke qen\u00eb n\u00eb qeveri, humbi edhe debatin n\u00eb Kuvend \u2013 megjith\u00ebse mori m\u00eb shum\u00eb minuta se sa shumica qeveris\u00ebse dhe pa\u00e7ka se lideri q\u00eb s\u2019u b\u00eb kurr\u00eb g\u00ebzoi t\u00eb drejt\u00ebn e t\u00eb nj\u00ebjtave minuta si kryeministri!<\/p>\n<p>Por e pamundur ta fsheh sidoqoft\u00eb ndjesin\u00eb jo t\u00eb keqe q\u00eb m\u00eb krijoi kjo flet\u00eb dor\u00ebzimi e bustit t\u00eb sh\u00ebrb\u00ebtorit t\u00eb Byros\u00eb Politike, n\u00eb k\u00ebt\u00eb dat\u00eb t\u00eb sh\u00ebnuar bustesh t\u00eb rr\u00ebzuara.<\/p>\n<p>Duke e par\u00eb k\u00ebt\u00eb cop\u00eb let\u00ebr m\u2019u kujtua i pavdekshmi Vaclav Havel: Komunisti m\u00eb i zi \u00ebsht\u00eb komunisti antikomunist!<\/p>\n<p>E leht\u00eb rruga e l\u00ebn\u00eb rrug\u00ebve Sali!<\/p>\n<p><a href=\"https:\/\/zjarr.tv\/wp-content\/uploads\/2019\/02\/52717018_10158178102647926_4683078120167702528_n.jpg\"><img loading=\"lazy\" decoding=\"async\" class=\"alignnone  wp-image-69798\" src=\"https:\/\/zjarr.tv\/wp-content\/uploads\/2019\/02\/52717018_10158178102647926_4683078120167702528_n-225x300.jpg\" alt=\"\" width=\"313\" height=\"417\" srcset=\"https:\/\/zjarr.tv\/wp-content\/uploads\/2019\/02\/52717018_10158178102647926_4683078120167702528_n-225x300.jpg 225w, https:\/\/zjarr.tv\/wp-content\/uploads\/2019\/02\/52717018_10158178102647926_4683078120167702528_n-315x420.jpg 315w, https:\/\/zjarr.tv\/wp-content\/uploads\/2019\/02\/52717018_10158178102647926_4683078120167702528_n.jpg 403w\" sizes=\"auto, (max-width: 313px) 100vw, 313px\" \/><\/a><\/p>","protected":false},"excerpt":{"rendered":"<p>Ministrja e Shtetit p\u00ebr Marr\u00ebdh\u00ebniet me Parlamentin ka reaguar p\u00ebrmes nj\u00eb postimi n\u00eb facebook, lidhur me djegien e mandateve nga deputet\u00eb t\u00eb opozit\u00ebs. Nd\u00ebrsa shp\u00ebrndan deklarat\u00ebn e ish kryeministrit Sali Berisha p\u00ebrmes s\u00eb cil\u00ebs heq dor\u00eb nga mandati i deputetit, Spiropali sjell n\u00eb v\u00ebmendje nj\u00eb shprehje t\u00eb Vaclav Havel: Komunisti m\u00eb i zi \u00ebsht\u00eb komunisti [&hellip;]<\/p>\n","protected":false},"author":2020,"featured_media":69799,"comment_status":"open","ping_status":"closed","sticky":false,"template":"","format":"standard","meta":{"footnotes":""},"categories":[241,231,235],"tags":[],"class_list":{"0":"post-69797","1":"post","2":"type-post","3":"status-publish","4":"format-standard","5":"has-post-thumbnail","7":"category-aktualitet","8":"category-lajme","9":"category-vendi"},"_links":{"self":[{"href":"https:\/\/zjarr.tv\/en\/wp-json\/wp\/v2\/posts\/69797","targetHints":{"allow":["GET"]}}],"collection":[{"href":"https:\/\/zjarr.tv\/en\/wp-json\/wp\/v2\/posts"}],"about":[{"href":"https:\/\/zjarr.tv\/en\/wp-json\/wp\/v2\/types\/post"}],"author":[{"embeddable":true,"href":"https:\/\/zjarr.tv\/en\/wp-json\/wp\/v2\/users\/2020"}],"replies":[{"embeddable":true,"href":"https:\/\/zjarr.tv\/en\/wp-json\/wp\/v2\/comments?post=69797"}],"version-history":[{"count":0,"href":"https:\/\/zjarr.tv\/en\/wp-json\/wp\/v2\/posts\/69797\/revisions"}],"wp:featuredmedia":[{"embeddable":true,"href":"https:\/\/zjarr.tv\/en\/wp-json\/wp\/v2\/media\/69799"}],"wp:attachment":[{"href":"https:\/\/zjarr.tv\/en\/wp-json\/wp\/v2\/media?parent=69797"}],"wp:term":[{"taxonomy":"category","embeddable":true,"href":"https:\/\/zjarr.tv\/en\/wp-json\/wp\/v2\/categories?post=69797"},{"taxonomy":"post_tag","embeddable":true,"href":"https:\/\/zjarr.tv\/en\/wp-json\/wp\/v2\/tags?post=69797"}],"curies":[{"name":"wp","href":"https:\/\/api.w.org\/{rel}","templated":true}]}}