{"id":69801,"date":"2019-02-21T11:25:14","date_gmt":"2019-02-21T10:25:14","guid":{"rendered":"https:\/\/zjarr.tv\/?p=69801"},"modified":"2019-02-21T11:25:14","modified_gmt":"2019-02-21T10:25:14","slug":"heqja-e-mbrojtjes-ligjore-berisha-nje-gjest-frikacak-dhe-hakmarres-i-edi-rames","status":"publish","type":"post","link":"https:\/\/zjarr.tv\/en\/heqja-e-mbrojtjes-ligjore-berisha-nje-gjest-frikacak-dhe-hakmarres-i-edi-rames\/","title":{"rendered":"Heqja e mbrojtjes ligjore, Berisha: Nj\u00eb gjest frikacak dhe hakmarr\u00ebs i Edi Ram\u00ebs"},"content":{"rendered":"<p style=\"background: white;margin: 0in 0in 7.5pt 0in\"><span style=\"color: #333333\">Ish-Kryeministri, Sali Berisha, ka komentuar p\u00ebr her\u00eb t\u00eb par\u00eb p\u00ebr Ora News, vendimin e Gard\u00ebs s\u00eb Republik\u00ebs p\u00ebr ti hequr mbrojtjen ligjore.<\/span><\/p>\n<p style=\"background: white;text-align: start;margin: 0in 0in 7.5pt 0in\"><span style=\"color: #333333\">Berisha tha se kjo \u00ebsht\u00eb nj\u00eb hakmarrje e Edi Ram\u00ebs, por ai \u00ebsht\u00eb m\u00eb i fort\u00eb dhe m\u00eb i sigurt\u00eb se kurr\u00eb mes qytetar\u00ebve.<\/span><\/p>\n<p style=\"background: white;text-align: start;margin: 0in 0in 7.5pt 0in\"><em><b><span style=\"color: #333333\">Berisha:\u00a0<\/span><\/b><span style=\"color: #333333\">Ndihem m\u00eb i fort\u00eb dhe m\u00eb i motivuar se kurr\u00eb. Nj\u00eb gjest frikacak dhe hakmarr\u00ebs i Edi Ram\u00ebs por un\u00eb jam mes qytetar\u00ebve m\u00eb i fort\u00eb se kudo tjet\u00ebr. Do t\u00eb vazhdoj \u00e7do minut\u00eb, \u00e7do or\u00eb, \u00e7do jav\u00eb, \u00e7do muaj betej\u00ebn \u00a0deri n\u00eb \u00e7montimin e narkoshtetit n\u00eb Shqip\u00ebri derisa shqiptar\u00ebt t\u00eb votojn\u00eb t\u00eb lir\u00eb si\u00e7 u takojn\u00eb.<\/span><\/em><\/p>","protected":false},"excerpt":{"rendered":"<p>Ish-Kryeministri, Sali Berisha, ka komentuar p\u00ebr her\u00eb t\u00eb par\u00eb p\u00ebr Ora News, vendimin e Gard\u00ebs s\u00eb Republik\u00ebs p\u00ebr ti hequr mbrojtjen ligjore. Berisha tha se kjo \u00ebsht\u00eb nj\u00eb hakmarrje e Edi Ram\u00ebs, por ai \u00ebsht\u00eb m\u00eb i fort\u00eb dhe m\u00eb i sigurt\u00eb se kurr\u00eb mes qytetar\u00ebve. Berisha:\u00a0Ndihem m\u00eb i fort\u00eb dhe m\u00eb i motivuar se [&hellip;]<\/p>\n","protected":false},"author":2020,"featured_media":69802,"comment_status":"open","ping_status":"closed","sticky":false,"template":"","format":"standard","meta":{"footnotes":""},"categories":[241,231,235],"tags":[],"class_list":{"0":"post-69801","1":"post","2":"type-post","3":"status-publish","4":"format-standard","5":"has-post-thumbnail","7":"category-aktualitet","8":"category-lajme","9":"category-vendi"},"_links":{"self":[{"href":"https:\/\/zjarr.tv\/en\/wp-json\/wp\/v2\/posts\/69801","targetHints":{"allow":["GET"]}}],"collection":[{"href":"https:\/\/zjarr.tv\/en\/wp-json\/wp\/v2\/posts"}],"about":[{"href":"https:\/\/zjarr.tv\/en\/wp-json\/wp\/v2\/types\/post"}],"author":[{"embeddable":true,"href":"https:\/\/zjarr.tv\/en\/wp-json\/wp\/v2\/users\/2020"}],"replies":[{"embeddable":true,"href":"https:\/\/zjarr.tv\/en\/wp-json\/wp\/v2\/comments?post=69801"}],"version-history":[{"count":0,"href":"https:\/\/zjarr.tv\/en\/wp-json\/wp\/v2\/posts\/69801\/revisions"}],"wp:featuredmedia":[{"embeddable":true,"href":"https:\/\/zjarr.tv\/en\/wp-json\/wp\/v2\/media\/69802"}],"wp:attachment":[{"href":"https:\/\/zjarr.tv\/en\/wp-json\/wp\/v2\/media?parent=69801"}],"wp:term":[{"taxonomy":"category","embeddable":true,"href":"https:\/\/zjarr.tv\/en\/wp-json\/wp\/v2\/categories?post=69801"},{"taxonomy":"post_tag","embeddable":true,"href":"https:\/\/zjarr.tv\/en\/wp-json\/wp\/v2\/tags?post=69801"}],"curies":[{"name":"wp","href":"https:\/\/api.w.org\/{rel}","templated":true}]}}