{"id":69806,"date":"2019-02-21T11:29:37","date_gmt":"2019-02-21T10:29:37","guid":{"rendered":"https:\/\/zjarr.tv\/?p=69806"},"modified":"2019-02-21T11:29:37","modified_gmt":"2019-02-21T10:29:37","slug":"protestusit-hedhin-shashka-drejt-parlamentit-thirrje-te-forta-rama-ik-rama-shporru","status":"publish","type":"post","link":"https:\/\/zjarr.tv\/en\/protestusit-hedhin-shashka-drejt-parlamentit-thirrje-te-forta-rama-ik-rama-shporru\/","title":{"rendered":"Protestusit hedhin shashka drejt parlamentit, thirrje t\u00eb forta: Rama ik, Rama shporru"},"content":{"rendered":"<p>Mij\u00ebra qytetar\u00eb kan\u00eb dal\u00eb n\u00eb protest\u00eb sot kund\u00ebr qeveris\u00eb. T\u00eb vendosur para parlamentit, ndon\u00ebse seanca plenare u anulua, protestuesit kan\u00eb hedhur thirrje \u201cRama ik!\u201d duke k\u00ebrkuar dor\u00ebheqjen e kryeministrit Edi Rama.<\/p>\n<p>Deputet\u00ebt e t\u00eb gjitha partive opozitare jan\u00eb ngjitur me radh\u00eb n\u00eb nj\u00eb platform\u00eb t\u00eb vendosur mes protestuesve dhe kan\u00eb dor\u00ebzuar publikisht mandatet duke th\u00ebn\u00eb se ia dor\u00ebzojn\u00eb popullit dhe qytetar\u00ebve.<\/p>\n<p>Por ndon\u00ebse nuk ka episode dhune, protestuesit kan\u00eb hedhur shashka e flakadan\u00eb n\u00eb oborrin e parlamentit. Forca t\u00eb shumta policie kan\u00eb rrethuar godin\u00ebn duke krijuar disa kordon\u00eb. Mes protestuesve ndodhen edhe kreu i PD-s\u00eb Lulzim Basha, ish-kryeministri Sali Berisha dhe kryetarja e LSI-s\u00eb Monika Kryemadhi.<\/p>","protected":false},"excerpt":{"rendered":"<p>Mij\u00ebra qytetar\u00eb kan\u00eb dal\u00eb n\u00eb protest\u00eb sot kund\u00ebr qeveris\u00eb. T\u00eb vendosur para parlamentit, ndon\u00ebse seanca plenare u anulua, protestuesit kan\u00eb hedhur thirrje \u201cRama ik!\u201d duke k\u00ebrkuar dor\u00ebheqjen e kryeministrit Edi Rama. Deputet\u00ebt e t\u00eb gjitha partive opozitare jan\u00eb ngjitur me radh\u00eb n\u00eb nj\u00eb platform\u00eb t\u00eb vendosur mes protestuesve dhe kan\u00eb dor\u00ebzuar publikisht mandatet duke th\u00ebn\u00eb [&hellip;]<\/p>\n","protected":false},"author":4,"featured_media":69810,"comment_status":"open","ping_status":"closed","sticky":false,"template":"","format":"standard","meta":{"footnotes":""},"categories":[241,231,235],"tags":[],"class_list":{"0":"post-69806","1":"post","2":"type-post","3":"status-publish","4":"format-standard","5":"has-post-thumbnail","7":"category-aktualitet","8":"category-lajme","9":"category-vendi"},"_links":{"self":[{"href":"https:\/\/zjarr.tv\/en\/wp-json\/wp\/v2\/posts\/69806","targetHints":{"allow":["GET"]}}],"collection":[{"href":"https:\/\/zjarr.tv\/en\/wp-json\/wp\/v2\/posts"}],"about":[{"href":"https:\/\/zjarr.tv\/en\/wp-json\/wp\/v2\/types\/post"}],"author":[{"embeddable":true,"href":"https:\/\/zjarr.tv\/en\/wp-json\/wp\/v2\/users\/4"}],"replies":[{"embeddable":true,"href":"https:\/\/zjarr.tv\/en\/wp-json\/wp\/v2\/comments?post=69806"}],"version-history":[{"count":0,"href":"https:\/\/zjarr.tv\/en\/wp-json\/wp\/v2\/posts\/69806\/revisions"}],"wp:featuredmedia":[{"embeddable":true,"href":"https:\/\/zjarr.tv\/en\/wp-json\/wp\/v2\/media\/69810"}],"wp:attachment":[{"href":"https:\/\/zjarr.tv\/en\/wp-json\/wp\/v2\/media?parent=69806"}],"wp:term":[{"taxonomy":"category","embeddable":true,"href":"https:\/\/zjarr.tv\/en\/wp-json\/wp\/v2\/categories?post=69806"},{"taxonomy":"post_tag","embeddable":true,"href":"https:\/\/zjarr.tv\/en\/wp-json\/wp\/v2\/tags?post=69806"}],"curies":[{"name":"wp","href":"https:\/\/api.w.org\/{rel}","templated":true}]}}