{"id":69807,"date":"2019-02-21T11:28:14","date_gmt":"2019-02-21T10:28:14","guid":{"rendered":"https:\/\/zjarr.tv\/?p=69807"},"modified":"2019-02-21T11:28:14","modified_gmt":"2019-02-21T10:28:14","slug":"u-gjet-i-vrare-ne-makine-32-vjecari-nga-tepelena-u-vra-nga-miku-i-tij","status":"publish","type":"post","link":"https:\/\/zjarr.tv\/en\/u-gjet-i-vrare-ne-makine-32-vjecari-nga-tepelena-u-vra-nga-miku-i-tij\/","title":{"rendered":"U gjet i vrar\u00eb n\u00eb makin\u00eb, 32-vje\u00e7ari nga Tepelena u vra nga miku i tij"},"content":{"rendered":"<p style=\"background: white;margin: 0in 0in 7.5pt 0in\"><span style=\"color: #333333\">32-vje\u00e7ari, Sokol Rama, \u00a0q\u00eb u gjet i vrar\u00eb brenda makin\u00ebs s\u00eb tij n\u00eb nj\u00eb humner\u00eb n\u00eb malet e P\u00ebrmetit me 19 shkurt \u00ebsht\u00eb vrar\u00eb nga shoku i tij.<\/span><\/p>\n<p style=\"background: white;text-align: start;margin: 0in 0in 7.5pt 0in\"><span style=\"color: #333333\">Roland Milo, i arrestuar dje n\u00eb Vaqarr t\u00eb Tiran\u00ebs n\u00eb sht\u00ebpin\u00eb e motr\u00ebs s\u00eb tij, ka pranuar n\u00eb polici se \u00ebsht\u00eb vras\u00ebsi i shokut t\u00eb tij.<\/span><\/p>\n<p style=\"background: white;text-align: start;margin: 0in 0in 7.5pt 0in\"><span style=\"color: #333333\">Deklarat\u00ebn e ka dh\u00ebn\u00eb \u00a0para grupit hetimor n\u00eb Policin\u00eb e Gjirokastr\u00ebs, ku u transportua dje n\u00eb mbr\u00ebmje.<\/span><\/p>\n<p style=\"background: white;text-align: start;margin: 0in 0in 7.5pt 0in\"><span style=\"color: #333333\">Megjithat\u00eb m\u00ebsohet se Milo nuk ka ka th\u00ebn\u00eb detaje mbi arsyet e k\u00ebtij krimi.<\/span><\/p>\n<p style=\"background: white;text-align: start;margin: 0in 0in 7.5pt 0in\"><span style=\"color: #333333\">Policia krijoi bindje p\u00ebrmes provave t\u00eb pakund\u00ebrshtueshme se Milo \u00ebsht\u00eb autor i vrasjes.<\/span><\/p>\n<p style=\"background: white;text-align: start;margin: 0in 0in 7.5pt 0in\"><span style=\"color: #333333\">Atij iu gjet arma tip kallashnikov model 56, me t\u00eb cil\u00ebn kreu vrasjen, si dhe rrobat e trupit t\u00eb viktim\u00ebs, n\u00eb t\u00eb cilat ishin dhe gjurm\u00eb t\u00eb tijat.<\/span><\/p>\n<p style=\"background: white;text-align: start;margin: 0in 0in 7.5pt 0in\"><span style=\"color: #333333\"><a href=\"http:\/\/www.oranews.tv\/article\/u-deklarua-i-humbur-gjendet-i-vrare-sokol-rama\"><span style=\"color: mediumblue\">Sokol Rama\u00a0<\/span><\/a>nga fshati Mamaj i Tepelen\u00ebs rezultonte i zhdukur prej 6 shkurtit. Ai ishte me precedent\u00eb penal\u00eb, i akuzuar p\u00ebr vjedhje dhe trafikim t\u00eb l\u00ebnd\u00ebve narkotike.<\/span><\/p>\n<p style=\"background: white;text-align: start;margin: 0in 0in 7.5pt 0in\"><span style=\"color: #333333\">Tre dit\u00eb pasi Rama kishte humbur kontaktet me familjen e tij u zhduk edhe Roland Milo, nga fshati Mi\u00e7an i P\u00ebrmetit, i cili u arrestua mbr\u00ebmjen e djeshme.<\/span><\/p>\n<p style=\"background: white;text-align: start;margin: 0in 0in 7.5pt 0in\"><strong><span style=\"color: #333333\">Njoftimi i policis\u00eb Gjirokast\u00ebr<\/span><\/strong><span style=\"color: #333333\">\u00a0<\/p>\n<p><em>N\u00eb vijim t\u00eb ngjarjes s\u00eb ndodhur n\u00eb dat\u00eb 19.02.2019, ku n\u00eb zon\u00ebn e Mal\u00ebshov\u00ebs, Bashkia K\u00eblcyr\u00eb, n\u00eb vendin e quajtur \u201cLugu \u00a0i Thell\u00eb\u201d u gjet trupi i pajet\u00eb i shtetasit S.R.(i cili ishte shpallur n\u00eb k\u00ebrkim p\u00ebr &#8220;Largim nga banesa&#8221;), nga specialist\u00ebt e Seksionit p\u00ebr Hetimin e Krimeve ndaj Personit, \u00a0u b\u00eb ndalimi i shtetasit R.M. Nga hetimet e kryera ky shtetas rezulton t\u00eb jet autori i vrasjes me arm\u00eb zjarri t\u00eb shtetasit S.R.<\/em><i><\/p>\n<p><em>Materialet n\u00eb ngarkim t\u00eb k\u00ebtij shtetasi i kaluan Prokuroris\u00eb Pran\u00eb Gjykat\u00ebs s\u00eb Shkall\u00ebs s\u00eb Par\u00eb Gjirokast\u00ebr p\u00ebr veprat penale &#8220;Vrasja me dashje&#8221;, &#8221; Prodhim dhe mbajtje pa leje e arm\u00ebve luftarake dhe municionit&#8221; dhe &#8221; Fshehje ose asgj\u00ebsim i kufom\u00ebs&#8221;, parashikuar nga nenet 76, 278 dhe 303 t\u00eb Kodit Penal.<\/em><\/i><\/span><\/p>","protected":false},"excerpt":{"rendered":"<p>32-vje\u00e7ari, Sokol Rama, \u00a0q\u00eb u gjet i vrar\u00eb brenda makin\u00ebs s\u00eb tij n\u00eb nj\u00eb humner\u00eb n\u00eb malet e P\u00ebrmetit me 19 shkurt \u00ebsht\u00eb vrar\u00eb nga shoku i tij. Roland Milo, i arrestuar dje n\u00eb Vaqarr t\u00eb Tiran\u00ebs n\u00eb sht\u00ebpin\u00eb e motr\u00ebs s\u00eb tij, ka pranuar n\u00eb polici se \u00ebsht\u00eb vras\u00ebsi i shokut t\u00eb tij. Deklarat\u00ebn [&hellip;]<\/p>\n","protected":false},"author":2020,"featured_media":69808,"comment_status":"open","ping_status":"closed","sticky":false,"template":"","format":"standard","meta":{"footnotes":""},"categories":[241,231,235],"tags":[],"class_list":{"0":"post-69807","1":"post","2":"type-post","3":"status-publish","4":"format-standard","5":"has-post-thumbnail","7":"category-aktualitet","8":"category-lajme","9":"category-vendi"},"_links":{"self":[{"href":"https:\/\/zjarr.tv\/en\/wp-json\/wp\/v2\/posts\/69807","targetHints":{"allow":["GET"]}}],"collection":[{"href":"https:\/\/zjarr.tv\/en\/wp-json\/wp\/v2\/posts"}],"about":[{"href":"https:\/\/zjarr.tv\/en\/wp-json\/wp\/v2\/types\/post"}],"author":[{"embeddable":true,"href":"https:\/\/zjarr.tv\/en\/wp-json\/wp\/v2\/users\/2020"}],"replies":[{"embeddable":true,"href":"https:\/\/zjarr.tv\/en\/wp-json\/wp\/v2\/comments?post=69807"}],"version-history":[{"count":0,"href":"https:\/\/zjarr.tv\/en\/wp-json\/wp\/v2\/posts\/69807\/revisions"}],"wp:featuredmedia":[{"embeddable":true,"href":"https:\/\/zjarr.tv\/en\/wp-json\/wp\/v2\/media\/69808"}],"wp:attachment":[{"href":"https:\/\/zjarr.tv\/en\/wp-json\/wp\/v2\/media?parent=69807"}],"wp:term":[{"taxonomy":"category","embeddable":true,"href":"https:\/\/zjarr.tv\/en\/wp-json\/wp\/v2\/categories?post=69807"},{"taxonomy":"post_tag","embeddable":true,"href":"https:\/\/zjarr.tv\/en\/wp-json\/wp\/v2\/tags?post=69807"}],"curies":[{"name":"wp","href":"https:\/\/api.w.org\/{rel}","templated":true}]}}