{"id":69815,"date":"2019-02-21T11:40:54","date_gmt":"2019-02-21T10:40:54","guid":{"rendered":"https:\/\/zjarr.tv\/?p=69815"},"modified":"2019-02-21T11:40:54","modified_gmt":"2019-02-21T10:40:54","slug":"hakmerret-rama-i-heq-mbrojtjen-sali-berishes-rebelohet-garda-e-republikes","status":"publish","type":"post","link":"https:\/\/zjarr.tv\/en\/hakmerret-rama-i-heq-mbrojtjen-sali-berishes-rebelohet-garda-e-republikes\/","title":{"rendered":"Hakmerret Rama, i heq mbrojtjen Sali Berish\u00ebs, rebelohet Garda e Republik\u00ebs"},"content":{"rendered":"<p>T\u00eb gjith\u00eb oficer\u00ebt q\u00eb shoq\u00ebronin ish-kryeministrin kan\u00eb dor\u00ebzuar menj\u00ebher\u00eb dor\u00ebheqjet tek kreu i Gard\u00ebs s\u00eb Republik\u00ebs.<\/p>\n<p>Pas k\u00ebtij vendimi, ish-Kryeministri, Sali Berisha, ka komentuar p\u00ebr her\u00eb t\u00eb par\u00eb p\u00ebr Ora News, vendimin e Gard\u00ebs s\u00eb Republik\u00ebs p\u00ebr ti hequr mbrojtjen ligjore.<\/p>\n<p>Berisha tha se kjo \u00ebsht\u00eb nj\u00eb hakmarrje e Edi Ram\u00ebs, por ai \u00ebsht\u00eb m\u00eb i fort\u00eb dhe m\u00eb i sigurt\u00eb se kurr\u00eb mes qytetar\u00ebve.<\/p>\n<p>Berisha:\u00a0<em>Ndihem m\u00eb i fort\u00eb dhe m\u00eb i motivuar se kurr\u00eb.<\/em><\/p>\n<p><em>Nj\u00eb gjest frikacak dhe hakmarr\u00ebs i Edi Ram\u00ebs por un\u00eb jam mes qytetar\u00ebve m\u00eb i fort\u00eb se kudo tjet\u00ebr.<\/em><\/p>\n<p><em>Do t\u00eb vazhdoj \u00e7do minut\u00eb, \u00e7do or\u00eb, \u00e7do jav\u00eb, \u00e7do muaj betej\u00ebn\u00a0 deri n\u00eb \u00e7montimin e narkoshtetit n\u00eb Shqip\u00ebri derisa shqiptar\u00ebt t\u00eb votojn\u00eb t\u00eb lir\u00eb si\u00e7 u takojn\u00eb.<\/em><\/p>","protected":false},"excerpt":{"rendered":"<p>T\u00eb gjith\u00eb oficer\u00ebt q\u00eb shoq\u00ebronin ish-kryeministrin kan\u00eb dor\u00ebzuar menj\u00ebher\u00eb dor\u00ebheqjet tek kreu i Gard\u00ebs s\u00eb Republik\u00ebs. Pas k\u00ebtij vendimi, ish-Kryeministri, Sali Berisha, ka komentuar p\u00ebr her\u00eb t\u00eb par\u00eb p\u00ebr Ora News, vendimin e Gard\u00ebs s\u00eb Republik\u00ebs p\u00ebr ti hequr mbrojtjen ligjore. Berisha tha se kjo \u00ebsht\u00eb nj\u00eb hakmarrje e Edi Ram\u00ebs, por ai \u00ebsht\u00eb m\u00eb [&hellip;]<\/p>\n","protected":false},"author":2020,"featured_media":69816,"comment_status":"open","ping_status":"closed","sticky":false,"template":"","format":"standard","meta":{"footnotes":""},"categories":[241,231,235],"tags":[],"class_list":{"0":"post-69815","1":"post","2":"type-post","3":"status-publish","4":"format-standard","5":"has-post-thumbnail","7":"category-aktualitet","8":"category-lajme","9":"category-vendi"},"_links":{"self":[{"href":"https:\/\/zjarr.tv\/en\/wp-json\/wp\/v2\/posts\/69815","targetHints":{"allow":["GET"]}}],"collection":[{"href":"https:\/\/zjarr.tv\/en\/wp-json\/wp\/v2\/posts"}],"about":[{"href":"https:\/\/zjarr.tv\/en\/wp-json\/wp\/v2\/types\/post"}],"author":[{"embeddable":true,"href":"https:\/\/zjarr.tv\/en\/wp-json\/wp\/v2\/users\/2020"}],"replies":[{"embeddable":true,"href":"https:\/\/zjarr.tv\/en\/wp-json\/wp\/v2\/comments?post=69815"}],"version-history":[{"count":0,"href":"https:\/\/zjarr.tv\/en\/wp-json\/wp\/v2\/posts\/69815\/revisions"}],"wp:featuredmedia":[{"embeddable":true,"href":"https:\/\/zjarr.tv\/en\/wp-json\/wp\/v2\/media\/69816"}],"wp:attachment":[{"href":"https:\/\/zjarr.tv\/en\/wp-json\/wp\/v2\/media?parent=69815"}],"wp:term":[{"taxonomy":"category","embeddable":true,"href":"https:\/\/zjarr.tv\/en\/wp-json\/wp\/v2\/categories?post=69815"},{"taxonomy":"post_tag","embeddable":true,"href":"https:\/\/zjarr.tv\/en\/wp-json\/wp\/v2\/tags?post=69815"}],"curies":[{"name":"wp","href":"https:\/\/api.w.org\/{rel}","templated":true}]}}