{"id":69822,"date":"2019-02-21T11:55:16","date_gmt":"2019-02-21T10:55:16","guid":{"rendered":"https:\/\/zjarr.tv\/?p=69822"},"modified":"2019-02-21T11:55:16","modified_gmt":"2019-02-21T10:55:16","slug":"basha-mesazh-diplomateve-rama-para-drejtesise-opozitaret-nuk-jane-popull-i-dhunes","status":"publish","type":"post","link":"https:\/\/zjarr.tv\/en\/basha-mesazh-diplomateve-rama-para-drejtesise-opozitaret-nuk-jane-popull-i-dhunes\/","title":{"rendered":"Basha mesazh diplomat\u00ebve: Rama para drejt\u00ebsis\u00eb. Opozitar\u00ebt nuk jan\u00eb popull i dhun\u00ebs"},"content":{"rendered":"<p>Kryedemokrati Lulzim Basha iu ka dh\u00ebn\u00eb nj\u00eb mesazh diplomat\u00ebve e miqve t\u00eb huaj t\u00eb Shqip\u00ebris\u00eb se opozitar\u00ebt nuk jan\u00eb popull i dhun\u00ebs. \u00a0Ai tha se pas dor\u00ebheqjes kryeministri Rama duhet t\u00eb shkoj\u00eb para drejt\u00ebsis\u00eb dhe i b\u00ebri thirrje policis\u00eb t\u00eb mos e l\u00ebr\u00eb t\u00eb dal\u00eb jasht\u00eb kufijve.<\/p>\n<p>\u201cQytetar i Tiran\u00ebs n\u00eb krahun tuaj dhe me ju deri n\u00eb fitore. Zoti e ka nisur rrug\u00ebtimin e pranver\u00ebs her\u00ebt dhe me ndihm\u00ebn e Zotit shqiptar\u00ebt e bashkuar kan\u00eb nisur rrug\u00ebtimin e shpres\u00ebs. Ky rrug\u00ebtim q\u00eb nisi me bashkimin m\u00eb t\u00eb madh t\u00eb shqiptar\u00ebve n\u00eb 29 vite liri dhe pluraliz\u00ebm do t\u00eb vazhdoj\u00eb pand\u00ebrprer\u00eb deri n\u00eb largimin e qeveris\u00eb s\u00eb krimit, p\u00ebr krimin dhe me krimin. Rama ik! Rama ik! Tju d\u00ebgjoj\u00eb bota.<\/p>\n<p>Ne k\u00ebrkojm\u00eb p\u00ebr Shqip\u00ebrin\u00eb ton\u00eb at\u00eb q\u00eb na takon. Syt\u00eb e bot\u00ebs, Europ\u00ebs, SHBA-ve jan\u00eb sot tek ky shesh dhe nga ky shesh ju them ne k\u00ebrkojm\u00eb p\u00ebr shqiptar\u00ebt vlerat dhe parimet q\u00eb keni p\u00ebr popujt tuaj. lulzim basha do q\u00ebndroj\u00eb n\u00eb krahun tuaj n\u00eb k\u00ebt\u00eb betej\u00eb. un\u00eb besoj tek demorkacia europiane, besoj tek zgjedhjet e lira dhe t\u00eb ndershme, tek shteti i s\u00eb drejt\u00ebs. Un\u00eb besoj tek ndarja dhe balancimi i pushteteve, un\u00eb besoj tek liria, demokracia dhe tek mund\u00ebsia p\u00ebr \u00e7do shqiptar. un\u00eb e di q\u00eb se nj\u00ebsoj si un\u00eb, qytetari Lulzim Basha besojn\u00eb t\u00eb gjith\u00eb qytetar\u00ebt ndersh\u00ebm t\u00eb Shqip\u00ebris\u00eb.<\/p>\n<p>Dua t\u2019ju them miqve tan\u00eb: ne nuk jemi popull i dhun\u00ebs. Ne nuk do t\u00eb pranojm\u00eb kurr\u00eb m\u00eb nj\u00eb kryeminist\u00ebr bandit t\u00eb kapur n\u00eb flagranc\u00eb duke vjedhur vullnetin e popullit n\u00eb bashk\u00ebpunim me mafioz\u00ebt, trafikant\u00ebt, bandat e krimit t\u00eb organizuar, t\u00eb kapur n\u00eb flagranc\u00eb duke vjedhur qindra miliona nga xhepat e shqiptar\u00ebve q\u00eb nuk paguajn\u00eb dot buk\u00ebn e goj\u00ebs. P\u00ebr Edi Ram\u00ebn, dor\u00ebheqja \u00ebsht\u00eb vet\u00ebm fillimi, ai do t\u00eb shkoj\u00eb para drejt\u00ebsis\u00eb. I b\u00ebj thirrje policis\u00eb s\u00eb Shtetit t\u00eb mos lejoj\u00eb daljen jasht\u00eb kufijve t\u00eb t\u00eb pandehurit Edi Rama\u201d, deklaroi Basha.<\/p>\n<p><strong>\u00a0<\/strong><\/p>","protected":false},"excerpt":{"rendered":"<p>Kryedemokrati Lulzim Basha iu ka dh\u00ebn\u00eb nj\u00eb mesazh diplomat\u00ebve e miqve t\u00eb huaj t\u00eb Shqip\u00ebris\u00eb se opozitar\u00ebt nuk jan\u00eb popull i dhun\u00ebs. \u00a0Ai tha se pas dor\u00ebheqjes kryeministri Rama duhet t\u00eb shkoj\u00eb para drejt\u00ebsis\u00eb dhe i b\u00ebri thirrje policis\u00eb t\u00eb mos e l\u00ebr\u00eb t\u00eb dal\u00eb jasht\u00eb kufijve. \u201cQytetar i Tiran\u00ebs n\u00eb krahun tuaj dhe me [&hellip;]<\/p>\n","protected":false},"author":4,"featured_media":69787,"comment_status":"open","ping_status":"closed","sticky":false,"template":"","format":"standard","meta":{"footnotes":""},"categories":[241,231,235],"tags":[],"class_list":{"0":"post-69822","1":"post","2":"type-post","3":"status-publish","4":"format-standard","5":"has-post-thumbnail","7":"category-aktualitet","8":"category-lajme","9":"category-vendi"},"_links":{"self":[{"href":"https:\/\/zjarr.tv\/en\/wp-json\/wp\/v2\/posts\/69822","targetHints":{"allow":["GET"]}}],"collection":[{"href":"https:\/\/zjarr.tv\/en\/wp-json\/wp\/v2\/posts"}],"about":[{"href":"https:\/\/zjarr.tv\/en\/wp-json\/wp\/v2\/types\/post"}],"author":[{"embeddable":true,"href":"https:\/\/zjarr.tv\/en\/wp-json\/wp\/v2\/users\/4"}],"replies":[{"embeddable":true,"href":"https:\/\/zjarr.tv\/en\/wp-json\/wp\/v2\/comments?post=69822"}],"version-history":[{"count":0,"href":"https:\/\/zjarr.tv\/en\/wp-json\/wp\/v2\/posts\/69822\/revisions"}],"wp:featuredmedia":[{"embeddable":true,"href":"https:\/\/zjarr.tv\/en\/wp-json\/wp\/v2\/media\/69787"}],"wp:attachment":[{"href":"https:\/\/zjarr.tv\/en\/wp-json\/wp\/v2\/media?parent=69822"}],"wp:term":[{"taxonomy":"category","embeddable":true,"href":"https:\/\/zjarr.tv\/en\/wp-json\/wp\/v2\/categories?post=69822"},{"taxonomy":"post_tag","embeddable":true,"href":"https:\/\/zjarr.tv\/en\/wp-json\/wp\/v2\/tags?post=69822"}],"curies":[{"name":"wp","href":"https:\/\/api.w.org\/{rel}","templated":true}]}}