{"id":69830,"date":"2019-02-21T12:11:00","date_gmt":"2019-02-21T11:11:00","guid":{"rendered":"https:\/\/zjarr.tv\/?p=69830"},"modified":"2019-02-21T12:11:00","modified_gmt":"2019-02-21T11:11:00","slug":"paloka-boja-ndaj-rames-hakmarrje-e-shqiptareve-nuk-i-dogjem-mandatet-por","status":"publish","type":"post","link":"https:\/\/zjarr.tv\/en\/paloka-boja-ndaj-rames-hakmarrje-e-shqiptareve-nuk-i-dogjem-mandatet-por\/","title":{"rendered":"Paloka: Boja ndaj Ram\u00ebs, hakmarrje e shqiptar\u00ebve. Nuk i dogj\u00ebm mandatet, por\u2026"},"content":{"rendered":"<p>Edi Paloka ka folur sot para mij\u00ebra protestuesve t\u00eb mbledhur para parlamentit. Ai tha se boja ndaj kryeministrit Rama nuk ishte hakmarrje e tij personale, por hakmarrja e shqiptar\u00ebve. M\u00cb tej, duke folur p\u00ebr mandatet, Paloka tha se ata nuk ndodhen aty p\u00ebr t\u2019i djegur mandatet, por p\u00ebr t\u00eb marr\u00eb mandatin nga shqiptar\u00ebt p\u00ebr shporrjen e Ram\u00ebs.<\/p>\n<p><strong>Paloka:<\/strong>\u00a0Sot nuk jemi k\u00ebtu p\u00ebr t\u00eb djegur mandatet, por sot e kemi marr\u00eb mandatin q\u00eb na e dhat\u00eb ju, p\u00ebr ta shporrur Ram\u00ebn. Shum\u00eb prej jush m\u00eb kan\u00eb p\u00ebrg\u00ebzuar p\u00ebr at\u00eb q\u00eb b\u00ebra n\u00eb Kuvend me boj\u00eb. Ajo nuk ishte hakmarrja e Palok\u00ebs, ishte hakmarrja e shqiptar\u00ebve. Me at\u00eb goj\u00eb t\u00eb qelbur, ka urdh\u00ebruar arrestimin e njer\u00ebzve q\u00eb protestojn\u00eb p\u00ebr buk\u00ebn e goj\u00ebs. A mund t\u00eb jet\u00eb ai institucion i rrethuar me tela e gjemba, simboli i shqiptar\u00ebve? P\u00ebr fat t\u00eb keq kemi Ru\u00e7in q\u00eb mbyll parlamentin, por kemi nj\u00eb edhe m\u00eb t\u00eb zi q\u00eb quhet Edi Rama. Sot nuk jemi p\u00ebr t\u00eb djegur mandatet tona, por p\u00ebr t\u00eb djegur mandatin e Ram\u00ebs<\/p>\n<div class=\"desktop\" align=\"center\"><ins id=\"revive-0-2\" data-revive-zoneid=\"213\" data-revive-id=\"204d45472ddd82270d56fe6a29757ad8\" data-revive-seq=\"2\" data-revive-loaded=\"1\"><\/p>\n<div id=\"beacon_b5d3f19004\"><img loading=\"lazy\" decoding=\"async\" src=\"https:\/\/ads.aplikacione.com\/www\/delivery\/lg.php?bannerid=0&amp;campaignid=0&amp;zoneid=213&amp;loc=https%3A%2F%2Ftiranatoday.al%2Fpaloka-boja-ndaj-rames-hakmarrja-e-shqiptareve-nuk-i-dogjem-mandatet-por%2F&amp;referer=https%3A%2F%2Ftiranatoday.al%2Fcategory%2Fshqiperia%2Fpolitike%2F&amp;cb=b5d3f19004\" alt=\"\" width=\"0\" height=\"0\" \/><\/div>\n<p><\/ins><\/div>","protected":false},"excerpt":{"rendered":"<p>Edi Paloka ka folur sot para mij\u00ebra protestuesve t\u00eb mbledhur para parlamentit. Ai tha se boja ndaj kryeministrit Rama nuk ishte hakmarrje e tij personale, por hakmarrja e shqiptar\u00ebve. M\u00cb tej, duke folur p\u00ebr mandatet, Paloka tha se ata nuk ndodhen aty p\u00ebr t\u2019i djegur mandatet, por p\u00ebr t\u00eb marr\u00eb mandatin nga shqiptar\u00ebt p\u00ebr shporrjen [&hellip;]<\/p>\n","protected":false},"author":4,"featured_media":69832,"comment_status":"open","ping_status":"closed","sticky":false,"template":"","format":"standard","meta":{"footnotes":""},"categories":[241,231,235],"tags":[],"class_list":{"0":"post-69830","1":"post","2":"type-post","3":"status-publish","4":"format-standard","5":"has-post-thumbnail","7":"category-aktualitet","8":"category-lajme","9":"category-vendi"},"_links":{"self":[{"href":"https:\/\/zjarr.tv\/en\/wp-json\/wp\/v2\/posts\/69830","targetHints":{"allow":["GET"]}}],"collection":[{"href":"https:\/\/zjarr.tv\/en\/wp-json\/wp\/v2\/posts"}],"about":[{"href":"https:\/\/zjarr.tv\/en\/wp-json\/wp\/v2\/types\/post"}],"author":[{"embeddable":true,"href":"https:\/\/zjarr.tv\/en\/wp-json\/wp\/v2\/users\/4"}],"replies":[{"embeddable":true,"href":"https:\/\/zjarr.tv\/en\/wp-json\/wp\/v2\/comments?post=69830"}],"version-history":[{"count":0,"href":"https:\/\/zjarr.tv\/en\/wp-json\/wp\/v2\/posts\/69830\/revisions"}],"wp:featuredmedia":[{"embeddable":true,"href":"https:\/\/zjarr.tv\/en\/wp-json\/wp\/v2\/media\/69832"}],"wp:attachment":[{"href":"https:\/\/zjarr.tv\/en\/wp-json\/wp\/v2\/media?parent=69830"}],"wp:term":[{"taxonomy":"category","embeddable":true,"href":"https:\/\/zjarr.tv\/en\/wp-json\/wp\/v2\/categories?post=69830"},{"taxonomy":"post_tag","embeddable":true,"href":"https:\/\/zjarr.tv\/en\/wp-json\/wp\/v2\/tags?post=69830"}],"curies":[{"name":"wp","href":"https:\/\/api.w.org\/{rel}","templated":true}]}}