{"id":69831,"date":"2019-02-21T12:15:27","date_gmt":"2019-02-21T11:15:27","guid":{"rendered":"https:\/\/zjarr.tv\/?p=69831"},"modified":"2019-02-21T12:15:27","modified_gmt":"2019-02-21T11:15:27","slug":"shba-thirrje-protestuesve-refuzoni-thirrjet-per-dhune","status":"publish","type":"post","link":"https:\/\/zjarr.tv\/en\/shba-thirrje-protestuesve-refuzoni-thirrjet-per-dhune\/","title":{"rendered":"SHBA thirrje protestuesve: Refuzoni thirrjet p\u00ebr dhun\u00eb"},"content":{"rendered":"<p>Shtetet e Bashkuara t\u00eb Amerik\u00ebs p\u00ebrmes nj\u00eb postimi n\u00eb rrjetin social Facebook, u b\u00ebjn\u00eb apel pjes\u00ebmarr\u00ebsve n\u00eb protest\u00eb q\u00eb t\u00eb shmangin dhun\u00ebn.<\/p>\n<p>\u201cShtetet e Bashkuara nxisin t\u00eb gjith\u00eb pjes\u00ebmarr\u00ebsit n\u00eb protest\u00ebn e sotme q\u00eb t\u00eb ushtrojn\u00eb paq\u00ebsisht t\u00eb drejt\u00ebn e tyre p\u00ebr t\u2019u mbledhur dhe t\u00eb refuzojn\u00eb dhun\u00ebn, si dhe iu b\u00ebjn\u00eb thirrje qeveris\u00eb dhe forcave t\u00eb siguris\u00eb q\u00eb t\u00eb tregohen t\u00eb p\u00ebrmbajtur\u201d, thuhet n\u00eb reagimin e ambasad\u00ebs s\u00eb SHBA.<\/p>","protected":false},"excerpt":{"rendered":"<p>Shtetet e Bashkuara t\u00eb Amerik\u00ebs p\u00ebrmes nj\u00eb postimi n\u00eb rrjetin social Facebook, u b\u00ebjn\u00eb apel pjes\u00ebmarr\u00ebsve n\u00eb protest\u00eb q\u00eb t\u00eb shmangin dhun\u00ebn. \u201cShtetet e Bashkuara nxisin t\u00eb gjith\u00eb pjes\u00ebmarr\u00ebsit n\u00eb protest\u00ebn e sotme q\u00eb t\u00eb ushtrojn\u00eb paq\u00ebsisht t\u00eb drejt\u00ebn e tyre p\u00ebr t\u2019u mbledhur dhe t\u00eb refuzojn\u00eb dhun\u00ebn, si dhe iu b\u00ebjn\u00eb thirrje qeveris\u00eb dhe [&hellip;]<\/p>\n","protected":false},"author":2020,"featured_media":0,"comment_status":"open","ping_status":"closed","sticky":false,"template":"","format":"standard","meta":{"footnotes":""},"categories":[241,231,235],"tags":[],"class_list":{"0":"post-69831","1":"post","2":"type-post","3":"status-publish","4":"format-standard","6":"category-aktualitet","7":"category-lajme","8":"category-vendi"},"_links":{"self":[{"href":"https:\/\/zjarr.tv\/en\/wp-json\/wp\/v2\/posts\/69831","targetHints":{"allow":["GET"]}}],"collection":[{"href":"https:\/\/zjarr.tv\/en\/wp-json\/wp\/v2\/posts"}],"about":[{"href":"https:\/\/zjarr.tv\/en\/wp-json\/wp\/v2\/types\/post"}],"author":[{"embeddable":true,"href":"https:\/\/zjarr.tv\/en\/wp-json\/wp\/v2\/users\/2020"}],"replies":[{"embeddable":true,"href":"https:\/\/zjarr.tv\/en\/wp-json\/wp\/v2\/comments?post=69831"}],"version-history":[{"count":0,"href":"https:\/\/zjarr.tv\/en\/wp-json\/wp\/v2\/posts\/69831\/revisions"}],"wp:attachment":[{"href":"https:\/\/zjarr.tv\/en\/wp-json\/wp\/v2\/media?parent=69831"}],"wp:term":[{"taxonomy":"category","embeddable":true,"href":"https:\/\/zjarr.tv\/en\/wp-json\/wp\/v2\/categories?post=69831"},{"taxonomy":"post_tag","embeddable":true,"href":"https:\/\/zjarr.tv\/en\/wp-json\/wp\/v2\/tags?post=69831"}],"curies":[{"name":"wp","href":"https:\/\/api.w.org\/{rel}","templated":true}]}}