{"id":69837,"date":"2019-02-21T12:19:12","date_gmt":"2019-02-21T11:19:12","guid":{"rendered":"https:\/\/zjarr.tv\/?p=69837"},"modified":"2019-02-21T12:19:12","modified_gmt":"2019-02-21T11:19:12","slug":"protestuesit-nisen-drejt-kryesise-se-kuvendit-rama-largohet-me-shpejtesi","status":"publish","type":"post","link":"https:\/\/zjarr.tv\/en\/protestuesit-nisen-drejt-kryesise-se-kuvendit-rama-largohet-me-shpejtesi\/","title":{"rendered":"Protestuesit nisen drejt Kryesis\u00eb s\u00eb Kuvendit, Rama largohet me shpejt\u00ebsi"},"content":{"rendered":"<p style=\"margin: 0in;margin-bottom: .0001pt;line-height: 19.5pt;background: white\"><span style=\"font-size: 11.5pt;font-family: 'Segoe UI','sans-serif';color: #2c2f34\">Menj\u00ebher\u00eb pas thirrjes s\u00eb Lulzim Bash\u00ebs p\u00ebr tiu drejtuar Kryesis\u00eb s\u00eb Kuvendit p\u00ebr t\u00eb dor\u00ebzuar mandatet, kryeministri Edi Rama \u00ebsht\u00eb larguar me eskort\u00ebn e tij nga ky institucion ku rrinte prej disa or\u00ebsh.<\/span><\/p>\n<p>&nbsp;<\/p>\n<p style=\"line-height: 19.5pt;background: white;text-align: start;margin: 0in 0in 18.75pt 0in\"><span style=\"font-size: 11.5pt;font-family: 'Segoe UI','sans-serif';color: #2c2f34\">Sipas raportimeve kryeministri Rama zhvilloi nj\u00eb takim me kryetarin e Kuvendit, Gramoz Ru\u00e7i nd\u00ebrsa m\u00eb pas u largua drejt Hotel Rognerit.<\/span><\/p>\n<p>&nbsp;<\/p>","protected":false},"excerpt":{"rendered":"<p>Menj\u00ebher\u00eb pas thirrjes s\u00eb Lulzim Bash\u00ebs p\u00ebr tiu drejtuar Kryesis\u00eb s\u00eb Kuvendit p\u00ebr t\u00eb dor\u00ebzuar mandatet, kryeministri Edi Rama \u00ebsht\u00eb larguar me eskort\u00ebn e tij nga ky institucion ku rrinte prej disa or\u00ebsh. &nbsp; Sipas raportimeve kryeministri Rama zhvilloi nj\u00eb takim me kryetarin e Kuvendit, Gramoz Ru\u00e7i nd\u00ebrsa m\u00eb pas u largua drejt Hotel Rognerit. [&hellip;]<\/p>\n","protected":false},"author":4,"featured_media":69792,"comment_status":"open","ping_status":"closed","sticky":false,"template":"","format":"standard","meta":{"footnotes":""},"categories":[241,231,235],"tags":[],"class_list":{"0":"post-69837","1":"post","2":"type-post","3":"status-publish","4":"format-standard","5":"has-post-thumbnail","7":"category-aktualitet","8":"category-lajme","9":"category-vendi"},"_links":{"self":[{"href":"https:\/\/zjarr.tv\/en\/wp-json\/wp\/v2\/posts\/69837","targetHints":{"allow":["GET"]}}],"collection":[{"href":"https:\/\/zjarr.tv\/en\/wp-json\/wp\/v2\/posts"}],"about":[{"href":"https:\/\/zjarr.tv\/en\/wp-json\/wp\/v2\/types\/post"}],"author":[{"embeddable":true,"href":"https:\/\/zjarr.tv\/en\/wp-json\/wp\/v2\/users\/4"}],"replies":[{"embeddable":true,"href":"https:\/\/zjarr.tv\/en\/wp-json\/wp\/v2\/comments?post=69837"}],"version-history":[{"count":0,"href":"https:\/\/zjarr.tv\/en\/wp-json\/wp\/v2\/posts\/69837\/revisions"}],"wp:featuredmedia":[{"embeddable":true,"href":"https:\/\/zjarr.tv\/en\/wp-json\/wp\/v2\/media\/69792"}],"wp:attachment":[{"href":"https:\/\/zjarr.tv\/en\/wp-json\/wp\/v2\/media?parent=69837"}],"wp:term":[{"taxonomy":"category","embeddable":true,"href":"https:\/\/zjarr.tv\/en\/wp-json\/wp\/v2\/categories?post=69837"},{"taxonomy":"post_tag","embeddable":true,"href":"https:\/\/zjarr.tv\/en\/wp-json\/wp\/v2\/tags?post=69837"}],"curies":[{"name":"wp","href":"https:\/\/api.w.org\/{rel}","templated":true}]}}