{"id":69840,"date":"2019-02-21T12:25:21","date_gmt":"2019-02-21T11:25:21","guid":{"rendered":"https:\/\/zjarr.tv\/?p=69840"},"modified":"2019-02-21T12:25:21","modified_gmt":"2019-02-21T11:25:21","slug":"basha-dhe-kryemadhi-prijne-protestuesit-dorezojne-mandatet-e-deputeteve","status":"publish","type":"post","link":"https:\/\/zjarr.tv\/en\/basha-dhe-kryemadhi-prijne-protestuesit-dorezojne-mandatet-e-deputeteve\/","title":{"rendered":"Basha dhe Kryemadhi prijn\u00eb protestuesit, dor\u00ebzojn\u00eb mandatet e deputet\u00ebve"},"content":{"rendered":"<p style=\"background: white;margin: 0in 0in 11.25pt 0in\"><span style=\"color: #262626\">Kryedemokrati Lulzim Basha dhe kryetarja e L\u00ebvizjes Socialiste p\u00ebr Integrim, Monika Kryemadhi prijn\u00eb protestuesit drejt Kryesis\u00eb s\u00eb Kuvendit, aty ku dhe pritet t\u00eb b\u00ebjn\u00eb zyrtarisht dor\u00ebzimin e mandateve t\u00eb deputet\u00ebve.<\/span><\/p>\n<p style=\"background: white;text-align: start;margin: 0in 0in 11.25pt 0in\"><span style=\"color: #262626\">Bashk\u00eb me sekretarin p\u00ebr \u00e7\u00ebshtjet ligjore n\u00eb PD, Gazment Bardhi, Basha hyri n\u00eb Kryesi p\u00ebr t\u00eb b\u00ebr\u00eb de fakto djegien e mandateve.<\/span><\/p>\n<p style=\"background: white;text-align: start;margin: 0in 0in 11.25pt 0in\"><span style=\"color: #262626\">Para zyrtarizimit t\u00eb djegies s\u00eb mandateve, Basha ftoi protestuesit q\u00eb ti bashkohen.<\/span><\/p>\n<p style=\"background: white;text-align: start;margin: 0in 0in 11.25pt 0in\"><span style=\"color: #262626\">\u201cNdiqm\u00ebni bashk\u00eb me t\u00eb gjith\u00eb an\u00ebtar\u00ebt deri p\u00ebr pak minuta t\u00eb parlamentit, p\u00ebr t\u00eb dor\u00ebzuar n\u00eb m\u00ebnyr\u00eb finale dhe t\u00eb pakthyeshme mandatet e deputet\u00ebve p\u00ebr ti dh\u00ebn\u00eb fund fasad\u00ebs s\u00eb k\u00ebtij regjimi kriminal \u00a0dhe p\u00ebr t\u00eb marr\u00eb n\u00eb dor\u00eb fatet tona si njer\u00ebz t\u00eb lir\u00eb. T\u00eb gjith\u00eb bashk\u00eb me ne p\u00ebr t\u00eb finalizuar k\u00ebt\u00eb akt historik patriotik\u201d, deklaroi Lulzim Basha teksa mbylli protest\u00ebn.<\/span><\/p>\n<p style=\"background: white;text-align: start;margin: 0in 0in 11.25pt 0in\"><span style=\"color: #262626\">M\u00eb her\u00ebt ai tha se \u201cP\u00ebr Edi Ram\u00ebn dor\u00ebheqja \u00ebsht\u00eb vet\u00ebm fillimi, ai do t\u00eb shkoj\u00eb para drejt\u00ebsis\u00eb, aty ku e meriton sipas ligjit ndaj i b\u00ebj thirrje Policis\u00eb s\u00eb Shtetit q\u00eb t\u00eb mos lejoj\u00eb daljen nga kufijt\u00eb e Shqip\u00ebris\u00eb t\u00eb t\u00eb pandehurit t\u00eb Popullit Edi Rama\u201d.<\/span><\/p>\n<p style=\"background: white;text-align: start;margin: 0in 0in 11.25pt 0in\"><span style=\"color: #262626\">Sipas tij, njeriu q\u00eb iu shitet si Kryeminist\u00ebr nd\u00ebrkomb\u00ebtar\u00ebve \u00ebsht\u00eb Maduro i Ballkanit, por me nj\u00eb ndryshim sipas tij, \u201ckjo nuk \u00ebsht\u00eb Venezuel\u00eb, kjo \u00ebsht\u00eb Shqip\u00ebria n\u00eb mes t\u00eb Europ\u00ebs\u201d<\/span><\/p>","protected":false},"excerpt":{"rendered":"<p>Kryedemokrati Lulzim Basha dhe kryetarja e L\u00ebvizjes Socialiste p\u00ebr Integrim, Monika Kryemadhi prijn\u00eb protestuesit drejt Kryesis\u00eb s\u00eb Kuvendit, aty ku dhe pritet t\u00eb b\u00ebjn\u00eb zyrtarisht dor\u00ebzimin e mandateve t\u00eb deputet\u00ebve. Bashk\u00eb me sekretarin p\u00ebr \u00e7\u00ebshtjet ligjore n\u00eb PD, Gazment Bardhi, Basha hyri n\u00eb Kryesi p\u00ebr t\u00eb b\u00ebr\u00eb de fakto djegien e mandateve. Para zyrtarizimit t\u00eb [&hellip;]<\/p>\n","protected":false},"author":2020,"featured_media":69841,"comment_status":"open","ping_status":"closed","sticky":false,"template":"","format":"standard","meta":{"footnotes":""},"categories":[241,231,235],"tags":[],"class_list":{"0":"post-69840","1":"post","2":"type-post","3":"status-publish","4":"format-standard","5":"has-post-thumbnail","7":"category-aktualitet","8":"category-lajme","9":"category-vendi"},"_links":{"self":[{"href":"https:\/\/zjarr.tv\/en\/wp-json\/wp\/v2\/posts\/69840","targetHints":{"allow":["GET"]}}],"collection":[{"href":"https:\/\/zjarr.tv\/en\/wp-json\/wp\/v2\/posts"}],"about":[{"href":"https:\/\/zjarr.tv\/en\/wp-json\/wp\/v2\/types\/post"}],"author":[{"embeddable":true,"href":"https:\/\/zjarr.tv\/en\/wp-json\/wp\/v2\/users\/2020"}],"replies":[{"embeddable":true,"href":"https:\/\/zjarr.tv\/en\/wp-json\/wp\/v2\/comments?post=69840"}],"version-history":[{"count":0,"href":"https:\/\/zjarr.tv\/en\/wp-json\/wp\/v2\/posts\/69840\/revisions"}],"wp:featuredmedia":[{"embeddable":true,"href":"https:\/\/zjarr.tv\/en\/wp-json\/wp\/v2\/media\/69841"}],"wp:attachment":[{"href":"https:\/\/zjarr.tv\/en\/wp-json\/wp\/v2\/media?parent=69840"}],"wp:term":[{"taxonomy":"category","embeddable":true,"href":"https:\/\/zjarr.tv\/en\/wp-json\/wp\/v2\/categories?post=69840"},{"taxonomy":"post_tag","embeddable":true,"href":"https:\/\/zjarr.tv\/en\/wp-json\/wp\/v2\/tags?post=69840"}],"curies":[{"name":"wp","href":"https:\/\/api.w.org\/{rel}","templated":true}]}}