{"id":69849,"date":"2019-02-21T12:46:03","date_gmt":"2019-02-21T11:46:03","guid":{"rendered":"https:\/\/zjarr.tv\/?p=69849"},"modified":"2019-02-21T12:46:03","modified_gmt":"2019-02-21T11:46:03","slug":"perfundon-dorezimi-i-mandateve-opozita-zyrtarisht-pa-deputete-ne-parlament","status":"publish","type":"post","link":"https:\/\/zjarr.tv\/en\/perfundon-dorezimi-i-mandateve-opozita-zyrtarisht-pa-deputete-ne-parlament\/","title":{"rendered":"P\u00ebrfundon dor\u00ebzimi i mandateve, opozita zyrtarisht pa deputet\u00eb n\u00eb parlament"},"content":{"rendered":"<p>Kreu i opozit\u00ebs, Lulzim Basha sapo ka dal\u00eb nga Kryesia e Kuvendit nga ku ka b\u00ebr\u00eb zyrtarisht edhe dor\u00ebzimin e mandatit t\u00eb deputetit.<\/p>\n<p>Tani n\u00eb m\u00ebnyr\u00eb zyrtare parlamenti i Shqip\u00ebris\u00eb nuk ka m\u00eb asnj\u00eb deputet t\u00eb opozit\u00ebs.<\/p>\n<p>Basha pas k\u00ebtij veprimi ka dal\u00eb nga Kryesia Kuvendit duke iu bashkuar dhe n\u00eb thirrjet e tyre Rama ik ka kaluar posht\u00eb zyr\u00ebs s\u00eb Edi Ram\u00ebs ku \u00ebsht\u00eb drejtuar p\u00ebr nga selia e Partis\u00eb Demokratike.<\/p>\n<p>Opozita e ka dor\u00ebzuar k\u00ebrkes\u00ebn e dor\u00ebzimit t\u00eb mandateve n\u00eb kryesin\u00eb e Kuvendit.<\/p>\n<p><a href=\"https:\/\/zjarr.tv\/wp-content\/uploads\/2019\/02\/Ndizet-protesta-9-1.jpeg\"><img loading=\"lazy\" decoding=\"async\" class=\"alignnone  wp-image-69850\" src=\"https:\/\/zjarr.tv\/wp-content\/uploads\/2019\/02\/Ndizet-protesta-9-1-300x200.jpeg\" alt=\"\" width=\"479\" height=\"319\" srcset=\"https:\/\/zjarr.tv\/wp-content\/uploads\/2019\/02\/Ndizet-protesta-9-1-300x200.jpeg 300w, https:\/\/zjarr.tv\/wp-content\/uploads\/2019\/02\/Ndizet-protesta-9-1-768x512.jpeg 768w, https:\/\/zjarr.tv\/wp-content\/uploads\/2019\/02\/Ndizet-protesta-9-1-1024x683.jpeg 1024w, https:\/\/zjarr.tv\/wp-content\/uploads\/2019\/02\/Ndizet-protesta-9-1-696x464.jpeg 696w, https:\/\/zjarr.tv\/wp-content\/uploads\/2019\/02\/Ndizet-protesta-9-1-1068x713.jpeg 1068w, https:\/\/zjarr.tv\/wp-content\/uploads\/2019\/02\/Ndizet-protesta-9-1-630x420.jpeg 630w, https:\/\/zjarr.tv\/wp-content\/uploads\/2019\/02\/Ndizet-protesta-9-1.jpeg 1280w\" sizes=\"auto, (max-width: 479px) 100vw, 479px\" \/><\/a><\/p>","protected":false},"excerpt":{"rendered":"<p>Kreu i opozit\u00ebs, Lulzim Basha sapo ka dal\u00eb nga Kryesia e Kuvendit nga ku ka b\u00ebr\u00eb zyrtarisht edhe dor\u00ebzimin e mandatit t\u00eb deputetit. Tani n\u00eb m\u00ebnyr\u00eb zyrtare parlamenti i Shqip\u00ebris\u00eb nuk ka m\u00eb asnj\u00eb deputet t\u00eb opozit\u00ebs. Basha pas k\u00ebtij veprimi ka dal\u00eb nga Kryesia Kuvendit duke iu bashkuar dhe n\u00eb thirrjet e tyre Rama [&hellip;]<\/p>\n","protected":false},"author":2020,"featured_media":69851,"comment_status":"open","ping_status":"closed","sticky":false,"template":"","format":"standard","meta":{"footnotes":""},"categories":[241,231,235],"tags":[],"class_list":{"0":"post-69849","1":"post","2":"type-post","3":"status-publish","4":"format-standard","5":"has-post-thumbnail","7":"category-aktualitet","8":"category-lajme","9":"category-vendi"},"_links":{"self":[{"href":"https:\/\/zjarr.tv\/en\/wp-json\/wp\/v2\/posts\/69849","targetHints":{"allow":["GET"]}}],"collection":[{"href":"https:\/\/zjarr.tv\/en\/wp-json\/wp\/v2\/posts"}],"about":[{"href":"https:\/\/zjarr.tv\/en\/wp-json\/wp\/v2\/types\/post"}],"author":[{"embeddable":true,"href":"https:\/\/zjarr.tv\/en\/wp-json\/wp\/v2\/users\/2020"}],"replies":[{"embeddable":true,"href":"https:\/\/zjarr.tv\/en\/wp-json\/wp\/v2\/comments?post=69849"}],"version-history":[{"count":0,"href":"https:\/\/zjarr.tv\/en\/wp-json\/wp\/v2\/posts\/69849\/revisions"}],"wp:featuredmedia":[{"embeddable":true,"href":"https:\/\/zjarr.tv\/en\/wp-json\/wp\/v2\/media\/69851"}],"wp:attachment":[{"href":"https:\/\/zjarr.tv\/en\/wp-json\/wp\/v2\/media?parent=69849"}],"wp:term":[{"taxonomy":"category","embeddable":true,"href":"https:\/\/zjarr.tv\/en\/wp-json\/wp\/v2\/categories?post=69849"},{"taxonomy":"post_tag","embeddable":true,"href":"https:\/\/zjarr.tv\/en\/wp-json\/wp\/v2\/tags?post=69849"}],"curies":[{"name":"wp","href":"https:\/\/api.w.org\/{rel}","templated":true}]}}