{"id":69871,"date":"2019-02-21T13:52:20","date_gmt":"2019-02-21T12:52:20","guid":{"rendered":"https:\/\/zjarr.tv\/?p=69871"},"modified":"2019-02-21T13:52:20","modified_gmt":"2019-02-21T12:52:20","slug":"trump-i-dergon-leter-zaev","status":"publish","type":"post","link":"https:\/\/zjarr.tv\/en\/trump-i-dergon-leter-zaev\/","title":{"rendered":"Trump i d\u00ebrgon let\u00ebr Zaev"},"content":{"rendered":"<p>Presidenti i Shteteve t\u00eb Bashkuara t\u00eb Amerik\u00ebs, Donald Trump i ka d\u00ebrguar let\u00ebr kryeministrit t\u00eb Maqedonis\u00eb Zoran Zaev. Trump p\u00ebrmes saj ka uruar p\u00ebr lidershipin dhe p\u00ebrkushtimin n\u00eb zbatimit t\u00eb marr\u00ebveshjes s\u00eb Presp\u00ebs.<\/p>\n<p>\u201dN\u00eb em\u00ebr t\u00eb popullit amerikan, ju uroj p\u00ebr ratifikimin dhe zbatimin e marr\u00ebveshjes s\u00eb Presp\u00ebs. Kjo \u00ebsht\u00eb arritja m\u00eb historike n\u00eb Ballkan q\u00eb nga marr\u00ebveshja e Dejtonit dhe d\u00ebshmon p\u00ebr udh\u00ebheqjen tuaj t\u00eb guximshme. N\u00ebp\u00ebrmjet p\u00ebrpjekjeve tuaja me kryeministrin Tsipras, siguruat t\u00eb ardhme m\u00eb stabile dhe m\u00eb t\u00eb begat\u00eb, dhe jo vet\u00ebm p\u00ebr dy vendet tuaja, por edhe p\u00ebr gjith\u00eb rajonin.Vendi juaj tani do ta marr\u00eb vendin q\u00eb i p\u00ebrket n\u00eb aleanc\u00ebn euroatlantike si Republika e Maqedonis\u00eb s\u00eb Veriut. Ne g\u00ebzohemi q\u00eb mund t\u2019ju presim si aleati yn\u00eb i 30-t\u00eb n\u00eb Aleanc\u00ebn veriatlantike dhe t\u00eb vazhdojm\u00eb me pun\u00ebn ton\u00eb t\u00eb p\u00ebrbashk\u00ebt p\u00ebr t\u00eb siguruar paqe dhe prosperitet n\u00eb Ballkanin Per\u00ebndimor\u201d, shkruan Trump n\u00eb letr\u00ebn d\u00ebrguar Zaev-it<\/p>\n<p>&nbsp;<\/p>","protected":false},"excerpt":{"rendered":"<p>Presidenti i Shteteve t\u00eb Bashkuara t\u00eb Amerik\u00ebs, Donald Trump i ka d\u00ebrguar let\u00ebr kryeministrit t\u00eb Maqedonis\u00eb Zoran Zaev. Trump p\u00ebrmes saj ka uruar p\u00ebr lidershipin dhe p\u00ebrkushtimin n\u00eb zbatimit t\u00eb marr\u00ebveshjes s\u00eb Presp\u00ebs. \u201dN\u00eb em\u00ebr t\u00eb popullit amerikan, ju uroj p\u00ebr ratifikimin dhe zbatimin e marr\u00ebveshjes s\u00eb Presp\u00ebs. Kjo \u00ebsht\u00eb arritja m\u00eb historike n\u00eb Ballkan [&hellip;]<\/p>\n","protected":false},"author":2013,"featured_media":0,"comment_status":"open","ping_status":"closed","sticky":false,"template":"","format":"standard","meta":{"footnotes":""},"categories":[241,2],"tags":[],"class_list":{"0":"post-69871","1":"post","2":"type-post","3":"status-publish","4":"format-standard","6":"category-aktualitet","7":"category-rajoni"},"_links":{"self":[{"href":"https:\/\/zjarr.tv\/en\/wp-json\/wp\/v2\/posts\/69871","targetHints":{"allow":["GET"]}}],"collection":[{"href":"https:\/\/zjarr.tv\/en\/wp-json\/wp\/v2\/posts"}],"about":[{"href":"https:\/\/zjarr.tv\/en\/wp-json\/wp\/v2\/types\/post"}],"author":[{"embeddable":true,"href":"https:\/\/zjarr.tv\/en\/wp-json\/wp\/v2\/users\/2013"}],"replies":[{"embeddable":true,"href":"https:\/\/zjarr.tv\/en\/wp-json\/wp\/v2\/comments?post=69871"}],"version-history":[{"count":0,"href":"https:\/\/zjarr.tv\/en\/wp-json\/wp\/v2\/posts\/69871\/revisions"}],"wp:attachment":[{"href":"https:\/\/zjarr.tv\/en\/wp-json\/wp\/v2\/media?parent=69871"}],"wp:term":[{"taxonomy":"category","embeddable":true,"href":"https:\/\/zjarr.tv\/en\/wp-json\/wp\/v2\/categories?post=69871"},{"taxonomy":"post_tag","embeddable":true,"href":"https:\/\/zjarr.tv\/en\/wp-json\/wp\/v2\/tags?post=69871"}],"curies":[{"name":"wp","href":"https:\/\/api.w.org\/{rel}","templated":true}]}}