{"id":69902,"date":"2019-02-21T15:24:18","date_gmt":"2019-02-21T14:24:18","guid":{"rendered":"https:\/\/zjarr.tv\/?p=69902"},"modified":"2019-02-21T15:24:18","modified_gmt":"2019-02-21T14:24:18","slug":"ironia-e-manjanit-pse-nuk-reagon-asnje-ambasade-per-kete-terror","status":"publish","type":"post","link":"https:\/\/zjarr.tv\/en\/ironia-e-manjanit-pse-nuk-reagon-asnje-ambasade-per-kete-terror\/","title":{"rendered":"Ironia e Manjanit: Pse nuk reagon asnj\u00eb Ambasad\u00eb p\u00ebr k\u00ebt\u00eb terror?"},"content":{"rendered":"<p style=\"background: white;margin: 0in 0in 7.5pt 0in\"><span style=\"color: #333333\">Ish-Ministri Ylli Manjani duke komentuar protest\u00ebn e sotme t\u00eb opozit\u00ebs ka ironizuar paralajm\u00ebrimet e policis\u00eb p\u00ebr akte dhune.<\/span><\/p>\n<p style=\"background: white;text-align: start;margin: 0in 0in 7.5pt 0in\"><span style=\"color: #333333\">Sipas Manjanit, dhun\u00ebn e v\u00ebrtet\u00eb e realizoi pushteti duke paralizuar \u00e7do sh\u00ebrbim.<\/span><\/p>\n<p style=\"background: white;text-align: start;margin: 0in 0in 7.5pt 0in\"><span style=\"color: #333333\">Manjani shtron pyetjen se pse nuk reagon asnj\u00eb Ambasad\u00ebp\u00ebr k\u00ebt\u00eb terror.<\/span><\/p>\n<p style=\"background: white;text-align: start;margin: 0in 0in 7.5pt 0in\"><strong><span style=\"color: #333333\">Postimi i plot\u00eb n\u00eb fb<\/span><\/strong><\/p>\n<p style=\"background: white;text-align: start;margin: 0in 0in 7.5pt 0in\"><span style=\"color: #333333\">Sa p\u00ebr sakt\u00ebsim.<\/span><\/p>\n<p style=\"background: white;text-align: start;margin: 0in 0in 7.5pt 0in\"><span style=\"color: #333333\">Protesta e sotme ishte e DHUNSHME!<\/span><\/p>\n<p style=\"background: white;text-align: start;margin: 0in 0in 7.5pt 0in\"><span style=\"color: #333333\">Polic\u00eb t\u00eb acaruar q\u00eb kishin humbur \u00e7do komunikim njer\u00ebzor ishin gjithandej.<\/span><\/p>\n<p style=\"background: white;text-align: start;margin: 0in 0in 7.5pt 0in\"><span style=\"color: #333333\">Roje private te siguris\u00eb ky\u00e7nin dyert e bisnesve e bankave se kishte urdh\u00ebruar policia.<\/span><\/p>\n<p style=\"background: white;text-align: start;margin: 0in 0in 7.5pt 0in\"><span style=\"color: #333333\">Njoftime mediatike e statuse gazetar\u00ebsh me porosi nga policia p\u00ebr fuqin\u00eb e madhe t\u00eb lend\u00ebve helmuese q\u00eb zot\u00ebronte policia, e gatshme p\u00ebr ti hedhur njer\u00ebzve.<\/span><\/p>\n<p style=\"background: white;text-align: start;margin: 0in 0in 7.5pt 0in\"><span style=\"color: #333333\">Bllokim rrug\u00ebsh komb\u00ebtare dhe gjoba pa shkak ndaj shofer\u00ebve t\u00eb mjeteve t\u00eb transportit masiv drejt Tiran\u00ebs.<\/span><\/p>\n<p style=\"background: white;text-align: start;margin: 0in 0in 7.5pt 0in\"><span style=\"color: #333333\">Tela me gj\u00ebmba e gardhe t\u00eb sajuara n\u00eb parlament e kryeministri.<\/span><\/p>\n<p style=\"background: white;text-align: start;margin: 0in 0in 7.5pt 0in\"><span style=\"color: #333333\">Blinda policie t\u00eb parkuara buz\u00eb rrug\u00ebve kryesore rreth Bulevardit.<\/span><\/p>\n<p style=\"background: white;text-align: start;margin: 0in 0in 7.5pt 0in\"><span style=\"color: #333333\">Ushtar\u00eb t\u00eb gard\u00ebs me maska n\u00ebp\u00ebr tarraca.<\/span><\/p>\n<p style=\"background: white;text-align: start;margin: 0in 0in 7.5pt 0in\"><span style=\"color: #333333\">Dhe bllokimi i val\u00ebve t\u00eb telefonis\u00eb, pron\u00eb publike kjo, me urdh\u00ebr privat!<\/span><\/p>\n<p style=\"background: white;text-align: start;margin: 0in 0in 7.5pt 0in\"><span style=\"color: #333333\">E p\u00ebr \u00e7far\u00eb gjith\u00eb kjo dhun\u00eb?! Se dor\u00ebzoi Opozita mandatet!<\/span><\/p>\n<p style=\"background: white;text-align: start;margin: 0in 0in 7.5pt 0in\"><span style=\"color: #333333\">E gjith\u00eb kjo dhun\u00eb nuk denoncohet nga asnj\u00eb ambasad\u00eb&#8230;<\/span><\/p>\n<p style=\"background: white;text-align: start;margin: 0in 0in 7.5pt 0in\"><span style=\"color: #333333\">As d\u00ebmtimi i pasuris\u00eb publike (val\u00ebt e komunikimit) nuk denoncohet&#8230;<\/span><\/p>\n<p style=\"background: white;text-align: start;margin: 0in 0in 7.5pt 0in\"><span style=\"color: #333333\">Po nuk u denoncua kjo lloj dhune, kur k\u00ebrcet pushka \u00ebsht\u00eb von\u00eb. Ska m\u00eb kuptim denoncimi&#8230;<\/span><\/p>","protected":false},"excerpt":{"rendered":"<p>Ish-Ministri Ylli Manjani duke komentuar protest\u00ebn e sotme t\u00eb opozit\u00ebs ka ironizuar paralajm\u00ebrimet e policis\u00eb p\u00ebr akte dhune. Sipas Manjanit, dhun\u00ebn e v\u00ebrtet\u00eb e realizoi pushteti duke paralizuar \u00e7do sh\u00ebrbim. Manjani shtron pyetjen se pse nuk reagon asnj\u00eb Ambasad\u00ebp\u00ebr k\u00ebt\u00eb terror. Postimi i plot\u00eb n\u00eb fb Sa p\u00ebr sakt\u00ebsim. Protesta e sotme ishte e DHUNSHME! [&hellip;]<\/p>\n","protected":false},"author":2020,"featured_media":69903,"comment_status":"open","ping_status":"closed","sticky":false,"template":"","format":"standard","meta":{"footnotes":""},"categories":[241,231,235],"tags":[],"class_list":{"0":"post-69902","1":"post","2":"type-post","3":"status-publish","4":"format-standard","5":"has-post-thumbnail","7":"category-aktualitet","8":"category-lajme","9":"category-vendi"},"_links":{"self":[{"href":"https:\/\/zjarr.tv\/en\/wp-json\/wp\/v2\/posts\/69902","targetHints":{"allow":["GET"]}}],"collection":[{"href":"https:\/\/zjarr.tv\/en\/wp-json\/wp\/v2\/posts"}],"about":[{"href":"https:\/\/zjarr.tv\/en\/wp-json\/wp\/v2\/types\/post"}],"author":[{"embeddable":true,"href":"https:\/\/zjarr.tv\/en\/wp-json\/wp\/v2\/users\/2020"}],"replies":[{"embeddable":true,"href":"https:\/\/zjarr.tv\/en\/wp-json\/wp\/v2\/comments?post=69902"}],"version-history":[{"count":0,"href":"https:\/\/zjarr.tv\/en\/wp-json\/wp\/v2\/posts\/69902\/revisions"}],"wp:featuredmedia":[{"embeddable":true,"href":"https:\/\/zjarr.tv\/en\/wp-json\/wp\/v2\/media\/69903"}],"wp:attachment":[{"href":"https:\/\/zjarr.tv\/en\/wp-json\/wp\/v2\/media?parent=69902"}],"wp:term":[{"taxonomy":"category","embeddable":true,"href":"https:\/\/zjarr.tv\/en\/wp-json\/wp\/v2\/categories?post=69902"},{"taxonomy":"post_tag","embeddable":true,"href":"https:\/\/zjarr.tv\/en\/wp-json\/wp\/v2\/tags?post=69902"}],"curies":[{"name":"wp","href":"https:\/\/api.w.org\/{rel}","templated":true}]}}