{"id":70293,"date":"2019-02-22T20:45:31","date_gmt":"2019-02-22T19:45:31","guid":{"rendered":"https:\/\/zjarr.tv\/?p=70293"},"modified":"2019-02-22T19:03:07","modified_gmt":"2019-02-22T18:03:07","slug":"te-henen-zbulohet-shkaku-i-rrezimit-te-aeroplanit-te-sala","status":"publish","type":"post","link":"https:\/\/zjarr.tv\/en\/te-henen-zbulohet-shkaku-i-rrezimit-te-aeroplanit-te-sala\/","title":{"rendered":"T\u00eb h\u00ebn\u00ebn zbulohet shkaku i rrezimit t\u00eb aeroplanit t\u00eb Sala"},"content":{"rendered":"<p>Pas nxjerrjes s\u00eb trupit, k\u00ebt\u00eb t\u00eb h\u00ebn\u00eb do t\u00eb zbulohet edhe arsyeja e rrezimit t\u00eb aeropanit q\u00eb mbante Emiliano Sala.\u00a0 Sipas \u201cFox Sports\u201d, t\u00eb h\u00ebn\u00ebn e 25 shkurtit, AAIB (Dega e Hetimit t\u00eb Aksidenteve Ajrore) do t\u00eb b\u00ebj\u00eb publike gjetjet e mjetit fluturues edhe viktimat dhe shkakun e aksidentit. Futbollisti argjentinas u gjet i vdekur n\u00eb rr\u00ebnojat e aeroplanit n\u00eb Kanalin Anglez n\u00eb fillim t\u00eb shkurtit.\u00a0 Trupi i Sala u varros n\u00eb qytetin e tij t\u00eb lindjes t\u00eb Progreso n\u00eb Argjentin\u00eb jav\u00ebn e kaluar, por piloti David Ibbotson ende nuk \u00ebsht\u00eb gjetur. Edhe pse ky aspekt i incidentit do t\u00eb mbyllet t\u00eb h\u00ebn\u00ebn, kontestet jan\u00eb ende duke vazhduar p\u00ebr pages\u00ebn q\u00eb Cardiff City i detyrohet Nantes.\u00a0 P\u00ebr shkak t\u00eb nj\u00eb anomali n\u00eb k\u00ebt\u00eb situat\u00eb, kontrata q\u00eb Sala n\u00ebnshkroi p\u00ebr Cardiff mund t\u00eb mos jet\u00eb e vlefshme dhe klubi i Premier League po k\u00ebrkon agjentin \u00cbillie McKay p\u00ebr t\u2019i dh\u00ebn\u00eb m\u00eb shum\u00eb p\u00ebrgjigje.<\/p>","protected":false},"excerpt":{"rendered":"<p>Pas nxjerrjes s\u00eb trupit, k\u00ebt\u00eb t\u00eb h\u00ebn\u00eb do t\u00eb zbulohet edhe arsyeja e rrezimit t\u00eb aeropanit q\u00eb mbante Emiliano Sala.\u00a0 Sipas \u201cFox Sports\u201d, t\u00eb h\u00ebn\u00ebn e 25 shkurtit, AAIB (Dega e Hetimit t\u00eb Aksidenteve Ajrore) do t\u00eb b\u00ebj\u00eb publike gjetjet e mjetit fluturues edhe viktimat dhe shkakun e aksidentit. Futbollisti argjentinas u gjet i vdekur [&hellip;]<\/p>\n","protected":false},"author":2013,"featured_media":0,"comment_status":"open","ping_status":"closed","sticky":false,"template":"","format":"standard","meta":{"footnotes":""},"categories":[241,192],"tags":[],"class_list":{"0":"post-70293","1":"post","2":"type-post","3":"status-publish","4":"format-standard","6":"category-aktualitet","7":"category-sport"},"_links":{"self":[{"href":"https:\/\/zjarr.tv\/en\/wp-json\/wp\/v2\/posts\/70293","targetHints":{"allow":["GET"]}}],"collection":[{"href":"https:\/\/zjarr.tv\/en\/wp-json\/wp\/v2\/posts"}],"about":[{"href":"https:\/\/zjarr.tv\/en\/wp-json\/wp\/v2\/types\/post"}],"author":[{"embeddable":true,"href":"https:\/\/zjarr.tv\/en\/wp-json\/wp\/v2\/users\/2013"}],"replies":[{"embeddable":true,"href":"https:\/\/zjarr.tv\/en\/wp-json\/wp\/v2\/comments?post=70293"}],"version-history":[{"count":0,"href":"https:\/\/zjarr.tv\/en\/wp-json\/wp\/v2\/posts\/70293\/revisions"}],"wp:attachment":[{"href":"https:\/\/zjarr.tv\/en\/wp-json\/wp\/v2\/media?parent=70293"}],"wp:term":[{"taxonomy":"category","embeddable":true,"href":"https:\/\/zjarr.tv\/en\/wp-json\/wp\/v2\/categories?post=70293"},{"taxonomy":"post_tag","embeddable":true,"href":"https:\/\/zjarr.tv\/en\/wp-json\/wp\/v2\/tags?post=70293"}],"curies":[{"name":"wp","href":"https:\/\/api.w.org\/{rel}","templated":true}]}}