{"id":70581,"date":"2019-02-24T11:29:50","date_gmt":"2019-02-24T10:29:50","guid":{"rendered":"https:\/\/zjarr.tv\/?p=70581"},"modified":"2019-02-24T11:29:50","modified_gmt":"2019-02-24T10:29:50","slug":"avioni-ben-ulje-te-detyruar-ne-rinas","status":"publish","type":"post","link":"https:\/\/zjarr.tv\/en\/avioni-ben-ulje-te-detyruar-ne-rinas\/","title":{"rendered":"Avioni b\u00ebn ulje t\u00eb detyruar n\u00eb Rinas"},"content":{"rendered":"<p>Pasagjeret q\u00eb udh\u00ebtonin me avionin e \u201cBlu Panorama\u201d nga Rinasi p\u00ebr n\u00eb Ankona kan\u00eb p\u00ebrjetuar momente paniku dhe tmerri. Situata e pasiguris\u00eb n\u00eb avion u krijua pasi n\u00eb kabin\u00ebn e pilotit u konstatua tym gjat\u00eb koh\u00ebs q\u00eb kishte nisur fluturimi. Pas defektit avioni \u00ebsht\u00eb kthyer s\u00ebrish n\u00eb aeroportin e Rinasit dhe ende nuk ka nj\u00eb konfirmim zyrtar nga kompania apo autoritetet aero-portuale se \u00e7far ka ndodhur. Ekspertet po kontrollojn\u00eb gjendjen e avionit p\u00ebr t\u00eb zbardhur shkaqet e defektit q\u00eb mund t\u00eb kishte pasur pasoja t\u00eb renda.<\/p>","protected":false},"excerpt":{"rendered":"<p>Pasagjeret q\u00eb udh\u00ebtonin me avionin e \u201cBlu Panorama\u201d nga Rinasi p\u00ebr n\u00eb Ankona kan\u00eb p\u00ebrjetuar momente paniku dhe tmerri. Situata e pasiguris\u00eb n\u00eb avion u krijua pasi n\u00eb kabin\u00ebn e pilotit u konstatua tym gjat\u00eb koh\u00ebs q\u00eb kishte nisur fluturimi. Pas defektit avioni \u00ebsht\u00eb kthyer s\u00ebrish n\u00eb aeroportin e Rinasit dhe ende nuk ka nj\u00eb [&hellip;]<\/p>\n","protected":false},"author":2013,"featured_media":70582,"comment_status":"open","ping_status":"closed","sticky":false,"template":"","format":"standard","meta":{"footnotes":""},"categories":[241,235],"tags":[],"class_list":{"0":"post-70581","1":"post","2":"type-post","3":"status-publish","4":"format-standard","5":"has-post-thumbnail","7":"category-aktualitet","8":"category-vendi"},"_links":{"self":[{"href":"https:\/\/zjarr.tv\/en\/wp-json\/wp\/v2\/posts\/70581","targetHints":{"allow":["GET"]}}],"collection":[{"href":"https:\/\/zjarr.tv\/en\/wp-json\/wp\/v2\/posts"}],"about":[{"href":"https:\/\/zjarr.tv\/en\/wp-json\/wp\/v2\/types\/post"}],"author":[{"embeddable":true,"href":"https:\/\/zjarr.tv\/en\/wp-json\/wp\/v2\/users\/2013"}],"replies":[{"embeddable":true,"href":"https:\/\/zjarr.tv\/en\/wp-json\/wp\/v2\/comments?post=70581"}],"version-history":[{"count":0,"href":"https:\/\/zjarr.tv\/en\/wp-json\/wp\/v2\/posts\/70581\/revisions"}],"wp:featuredmedia":[{"embeddable":true,"href":"https:\/\/zjarr.tv\/en\/wp-json\/wp\/v2\/media\/70582"}],"wp:attachment":[{"href":"https:\/\/zjarr.tv\/en\/wp-json\/wp\/v2\/media?parent=70581"}],"wp:term":[{"taxonomy":"category","embeddable":true,"href":"https:\/\/zjarr.tv\/en\/wp-json\/wp\/v2\/categories?post=70581"},{"taxonomy":"post_tag","embeddable":true,"href":"https:\/\/zjarr.tv\/en\/wp-json\/wp\/v2\/tags?post=70581"}],"curies":[{"name":"wp","href":"https:\/\/api.w.org\/{rel}","templated":true}]}}