{"id":70599,"date":"2019-02-24T11:51:51","date_gmt":"2019-02-24T10:51:51","guid":{"rendered":"https:\/\/zjarr.tv\/?p=70599"},"modified":"2019-02-24T11:51:51","modified_gmt":"2019-02-24T10:51:51","slug":"jeleket-e-verdhe-protesta-ne-france-perleshen-me-policine","status":"publish","type":"post","link":"https:\/\/zjarr.tv\/en\/jeleket-e-verdhe-protesta-ne-france-perleshen-me-policine\/","title":{"rendered":"\u201cJelek\u00ebt e verdh\u00eb\u201d protesta n\u00eb Franc\u00eb, p\u00ebrleshen me policin\u00eb"},"content":{"rendered":"<p>Rreth 44 persona u arrestuan gjat\u00eb protestave t\u00eb \u201cjelek\u00ebve t\u00eb verdh\u00eb\u201d q\u00eb u mbajt\u00ebn t\u00eb shtun\u00ebn n\u00eb t\u00eb gjith\u00eb Franc\u00ebn, p\u00ebr t\u00eb 15-\u00ebn jav\u00eb me radh\u00eb. N\u00eb mbar\u00eb vendin n\u00eb rrug\u00eb dol\u00ebn 46.600 protestues. Protestat e para u mbajt\u00ebn m\u00eb 17 n\u00ebntor 2018, ku arsyeja ishte paralajm\u00ebrimi i rritjes s\u00eb \u00e7mimit t\u00eb karburantit. Megjithat\u00eb, protestat u shnd\u00ebrruan n\u00eb pak\u00ebnaq\u00ebsi t\u00eb p\u00ebrgjithshme me politikat e presidentit francez, Emmanuel Macron. Ashtu si jav\u00ebt e kaluara, protestuesit u mblodh\u00ebn n\u00eb Champs-Elysees t\u00eb Parisit duke marshuar drejt Sheshit Trocadero pran\u00eb kull\u00ebs Eiffel. Gur\u00ebve dhe shisheve t\u00eb protestuesve policia iu kund\u00ebrp\u00ebrgjigj me gaz lotsjell\u00ebs. N\u00eb Clermont-Ferrand t\u00eb Franc\u00ebs u mboldh\u00ebn 2.500 qytatar\u00eb, ku pati dhe p\u00ebrleshje me policin\u00eb nd\u00ebrsa n\u00eb Rennes u l\u00ebnduan 6 polic\u00eb. N\u00eb protestat t\u00eb cilat po mbahen q\u00eb nga 17 n\u00ebntori i vitit 2018, jet\u00ebn e kan\u00eb humbur 11 persona dhe 8.400 t\u00eb tjer\u00eb jan\u00eb plagosur. D\u00ebnime me burg u caktuan ndaj 1.796 personave. Gjat\u00eb protestave pati edhe trazira gjat\u00eb t\u00eb cilave demonstruesit shkat\u00ebrronin objekte, pla\u00e7kisnin dyqane, digjnin makina dhe kontejner\u00ebt e mbeturinave nd\u00ebrsa policia u detyrua shpesh t\u00eb p\u00ebrdorte forc\u00ebn.<\/p>","protected":false},"excerpt":{"rendered":"<p>Rreth 44 persona u arrestuan gjat\u00eb protestave t\u00eb \u201cjelek\u00ebve t\u00eb verdh\u00eb\u201d q\u00eb u mbajt\u00ebn t\u00eb shtun\u00ebn n\u00eb t\u00eb gjith\u00eb Franc\u00ebn, p\u00ebr t\u00eb 15-\u00ebn jav\u00eb me radh\u00eb. N\u00eb mbar\u00eb vendin n\u00eb rrug\u00eb dol\u00ebn 46.600 protestues. Protestat e para u mbajt\u00ebn m\u00eb 17 n\u00ebntor 2018, ku arsyeja ishte paralajm\u00ebrimi i rritjes s\u00eb \u00e7mimit t\u00eb karburantit. Megjithat\u00eb, protestat [&hellip;]<\/p>\n","protected":false},"author":2013,"featured_media":0,"comment_status":"open","ping_status":"closed","sticky":false,"template":"","format":"standard","meta":{"footnotes":""},"categories":[241,191],"tags":[],"class_list":{"0":"post-70599","1":"post","2":"type-post","3":"status-publish","4":"format-standard","6":"category-aktualitet","7":"category-bota"},"_links":{"self":[{"href":"https:\/\/zjarr.tv\/en\/wp-json\/wp\/v2\/posts\/70599","targetHints":{"allow":["GET"]}}],"collection":[{"href":"https:\/\/zjarr.tv\/en\/wp-json\/wp\/v2\/posts"}],"about":[{"href":"https:\/\/zjarr.tv\/en\/wp-json\/wp\/v2\/types\/post"}],"author":[{"embeddable":true,"href":"https:\/\/zjarr.tv\/en\/wp-json\/wp\/v2\/users\/2013"}],"replies":[{"embeddable":true,"href":"https:\/\/zjarr.tv\/en\/wp-json\/wp\/v2\/comments?post=70599"}],"version-history":[{"count":0,"href":"https:\/\/zjarr.tv\/en\/wp-json\/wp\/v2\/posts\/70599\/revisions"}],"wp:attachment":[{"href":"https:\/\/zjarr.tv\/en\/wp-json\/wp\/v2\/media?parent=70599"}],"wp:term":[{"taxonomy":"category","embeddable":true,"href":"https:\/\/zjarr.tv\/en\/wp-json\/wp\/v2\/categories?post=70599"},{"taxonomy":"post_tag","embeddable":true,"href":"https:\/\/zjarr.tv\/en\/wp-json\/wp\/v2\/tags?post=70599"}],"curies":[{"name":"wp","href":"https:\/\/api.w.org\/{rel}","templated":true}]}}