{"id":71002,"date":"2019-02-26T11:27:02","date_gmt":"2019-02-26T10:27:02","guid":{"rendered":"https:\/\/zjarr.tv\/?p=71002"},"modified":"2019-02-26T11:27:02","modified_gmt":"2019-02-26T10:27:02","slug":"fier-gjendet-i-plagosur-28-vjecari-ishte-ne-gjendje-te-dehur","status":"publish","type":"post","link":"https:\/\/zjarr.tv\/en\/fier-gjendet-i-plagosur-28-vjecari-ishte-ne-gjendje-te-dehur\/","title":{"rendered":"Fier, gjendet i plagosur 28-vje\u00e7ari, ishte n\u00eb gjendje t\u00eb dehur"},"content":{"rendered":"<p style=\"background: white;margin: 0in 0in 7.5pt 0in\"><span style=\"color: #333333\">Nj\u00eb 28-vje\u00e7ar \u00ebsht\u00eb gjetur i plagosur me mjete prer\u00ebse. Ngjarja ka ndodhur rreth mesnat\u00ebs n\u00eb Fier, ku policia ka gjetur pran\u00eb rrug\u00ebs n\u00eb fshatin Port\u00ebz, 28-vje\u00e7arin me iniciale J.G.<\/span><\/p>\n<p style=\"background: white;text-align: start;margin: 0in 0in 7.5pt 0in\"><span style=\"color: #333333\">Nga policia m\u00ebsohet se 28-vje\u00e7ari ka qen\u00eb n\u00eb gjendje t\u00eb dehur.<\/span><\/p>\n<p style=\"background: white;text-align: start;margin: 0in 0in 7.5pt 0in\"><em><span style=\"color: #333333\">&#8220;Ka qen\u00eb nj\u00eb sherr mes dy t\u00eb rinjve, i cili ka p\u00ebrfunduar me plagosjen e nj\u00ebrit prej tyre&#8221;<\/span><\/em><span style=\"color: #333333\">, sqarojn\u00eb blut\u00eb e Fierit.<\/span><\/p>\n<p style=\"background: white;text-align: start;margin: 0in 0in 7.5pt 0in\"><span style=\"color: #333333\">I riu ka marr\u00eb plag\u00eb n\u00eb pjes\u00ebn e kraharorit, por ndodhet jasht\u00eb rrezikut p\u00ebr jet\u00ebn.<\/span><\/p>\n<p style=\"background: white;text-align: start;margin: 0in 0in 7.5pt 0in\"><span style=\"color: #333333\">Po punohet p\u00ebr zbardhjen e rrethanave t\u00eb ngjarjes.<\/span><\/p>","protected":false},"excerpt":{"rendered":"<p>Nj\u00eb 28-vje\u00e7ar \u00ebsht\u00eb gjetur i plagosur me mjete prer\u00ebse. Ngjarja ka ndodhur rreth mesnat\u00ebs n\u00eb Fier, ku policia ka gjetur pran\u00eb rrug\u00ebs n\u00eb fshatin Port\u00ebz, 28-vje\u00e7arin me iniciale J.G. Nga policia m\u00ebsohet se 28-vje\u00e7ari ka qen\u00eb n\u00eb gjendje t\u00eb dehur. &#8220;Ka qen\u00eb nj\u00eb sherr mes dy t\u00eb rinjve, i cili ka p\u00ebrfunduar me plagosjen e [&hellip;]<\/p>\n","protected":false},"author":2020,"featured_media":0,"comment_status":"open","ping_status":"closed","sticky":false,"template":"","format":"standard","meta":{"footnotes":""},"categories":[241,231,235],"tags":[],"class_list":{"0":"post-71002","1":"post","2":"type-post","3":"status-publish","4":"format-standard","6":"category-aktualitet","7":"category-lajme","8":"category-vendi"},"_links":{"self":[{"href":"https:\/\/zjarr.tv\/en\/wp-json\/wp\/v2\/posts\/71002","targetHints":{"allow":["GET"]}}],"collection":[{"href":"https:\/\/zjarr.tv\/en\/wp-json\/wp\/v2\/posts"}],"about":[{"href":"https:\/\/zjarr.tv\/en\/wp-json\/wp\/v2\/types\/post"}],"author":[{"embeddable":true,"href":"https:\/\/zjarr.tv\/en\/wp-json\/wp\/v2\/users\/2020"}],"replies":[{"embeddable":true,"href":"https:\/\/zjarr.tv\/en\/wp-json\/wp\/v2\/comments?post=71002"}],"version-history":[{"count":0,"href":"https:\/\/zjarr.tv\/en\/wp-json\/wp\/v2\/posts\/71002\/revisions"}],"wp:attachment":[{"href":"https:\/\/zjarr.tv\/en\/wp-json\/wp\/v2\/media?parent=71002"}],"wp:term":[{"taxonomy":"category","embeddable":true,"href":"https:\/\/zjarr.tv\/en\/wp-json\/wp\/v2\/categories?post=71002"},{"taxonomy":"post_tag","embeddable":true,"href":"https:\/\/zjarr.tv\/en\/wp-json\/wp\/v2\/tags?post=71002"}],"curies":[{"name":"wp","href":"https:\/\/api.w.org\/{rel}","templated":true}]}}