{"id":71011,"date":"2019-02-26T11:43:52","date_gmt":"2019-02-26T10:43:52","guid":{"rendered":"https:\/\/zjarr.tv\/?p=71011"},"modified":"2019-02-26T11:43:52","modified_gmt":"2019-02-26T10:43:52","slug":"arrestohet-shoferi-i-urbanit-ne-tirane-drejtonte-mjetin-ne-gjendje-te-dehur","status":"publish","type":"post","link":"https:\/\/zjarr.tv\/en\/arrestohet-shoferi-i-urbanit-ne-tirane-drejtonte-mjetin-ne-gjendje-te-dehur\/","title":{"rendered":"Arrestohet shoferi i urbanit n\u00eb Tiran\u00eb, drejtonte mjetin n\u00eb gjendje t\u00eb dehur"},"content":{"rendered":"<p>Nj\u00eb shofer urbani, i cili po transportonte 95 pasagjer\u00eb u arrestua pasi rezultoi i dehur. Policia rrugore vuri n\u00eb pranga N.K., 59 vje\u00e7, shofer i autobusit t\u00eb linj\u00ebs \u201cInstitut Bujqesor &#8211; Tiran\u00eb\u201d.<\/p>\n<p>Policia thot\u00eb se arrestimi i tij u b\u00eb m\u00ebngjesin e sot\u00ebm rreth or\u00ebs 8, pas ankesave t\u00eb pasagjer\u00ebve.<\/p>\n<p>&#8220;N\u00eb rrug\u00ebn \u201c29 n\u00ebntori\u201d, rreth or\u00ebs 08:00, konstatuan nj\u00eb autobuz t\u00eb linj\u00ebs \u201cInstitut Bujqesor &#8211; Tiran\u00eb\u201d duke qarkulluar n\u00eb m\u00ebnyr\u00eb t\u00eb \u00e7\u2019rregullt. Nga verifikimi me aparatin alkool testues, drejtuesi i autobuzit me iniciale N.K., 59 vje\u00e7, i cili n\u00eb momentin e ndalimit nga policia rrugore, po transportonte me autobuz rreth 95 pasagjer\u00eb t\u00eb linj\u00ebs p\u00ebrkat\u00ebse, rezultoi n\u00ebn efektin e alkoolit n\u00eb mas\u00ebn testi i par\u00eb 0.74 mg\/l dhe testi i dyt\u00eb 0.71 mg\/l, n\u00eb k\u00ebto kushte drejtuesi i autobuzit u arrestua n\u00eb flagranc\u00eb p\u00ebr vepr\u00ebn penale \u201cdrejtimit i mjetit n\u00eb gjendje t\u00eb dehur\u201d,\u00a0sqaron policia.<\/p>\n<p>Policia rrugore falenderoi pasagjer\u00ebt e autobuzit p\u00ebr adresimin n\u00eb koh\u00eb t\u00eb shqet\u00ebsimit duke parandaluar nj\u00eb ngjarje me pasoja t\u00eb r\u00ebnda.<\/p>","protected":false},"excerpt":{"rendered":"<p>Nj\u00eb shofer urbani, i cili po transportonte 95 pasagjer\u00eb u arrestua pasi rezultoi i dehur. Policia rrugore vuri n\u00eb pranga N.K., 59 vje\u00e7, shofer i autobusit t\u00eb linj\u00ebs \u201cInstitut Bujqesor &#8211; Tiran\u00eb\u201d. Policia thot\u00eb se arrestimi i tij u b\u00eb m\u00ebngjesin e sot\u00ebm rreth or\u00ebs 8, pas ankesave t\u00eb pasagjer\u00ebve. &#8220;N\u00eb rrug\u00ebn \u201c29 n\u00ebntori\u201d, rreth [&hellip;]<\/p>\n","protected":false},"author":2020,"featured_media":71013,"comment_status":"open","ping_status":"closed","sticky":false,"template":"","format":"standard","meta":{"footnotes":""},"categories":[241,231,235],"tags":[],"class_list":{"0":"post-71011","1":"post","2":"type-post","3":"status-publish","4":"format-standard","5":"has-post-thumbnail","7":"category-aktualitet","8":"category-lajme","9":"category-vendi"},"_links":{"self":[{"href":"https:\/\/zjarr.tv\/en\/wp-json\/wp\/v2\/posts\/71011","targetHints":{"allow":["GET"]}}],"collection":[{"href":"https:\/\/zjarr.tv\/en\/wp-json\/wp\/v2\/posts"}],"about":[{"href":"https:\/\/zjarr.tv\/en\/wp-json\/wp\/v2\/types\/post"}],"author":[{"embeddable":true,"href":"https:\/\/zjarr.tv\/en\/wp-json\/wp\/v2\/users\/2020"}],"replies":[{"embeddable":true,"href":"https:\/\/zjarr.tv\/en\/wp-json\/wp\/v2\/comments?post=71011"}],"version-history":[{"count":0,"href":"https:\/\/zjarr.tv\/en\/wp-json\/wp\/v2\/posts\/71011\/revisions"}],"wp:featuredmedia":[{"embeddable":true,"href":"https:\/\/zjarr.tv\/en\/wp-json\/wp\/v2\/media\/71013"}],"wp:attachment":[{"href":"https:\/\/zjarr.tv\/en\/wp-json\/wp\/v2\/media?parent=71011"}],"wp:term":[{"taxonomy":"category","embeddable":true,"href":"https:\/\/zjarr.tv\/en\/wp-json\/wp\/v2\/categories?post=71011"},{"taxonomy":"post_tag","embeddable":true,"href":"https:\/\/zjarr.tv\/en\/wp-json\/wp\/v2\/tags?post=71011"}],"curies":[{"name":"wp","href":"https:\/\/api.w.org\/{rel}","templated":true}]}}