{"id":71015,"date":"2019-02-26T11:55:02","date_gmt":"2019-02-26T10:55:02","guid":{"rendered":"https:\/\/zjarr.tv\/?p=71015"},"modified":"2019-02-26T11:55:02","modified_gmt":"2019-02-26T10:55:02","slug":"lezhe-era-demton-catine-e-kishes-800-vjecare","status":"publish","type":"post","link":"https:\/\/zjarr.tv\/en\/lezhe-era-demton-catine-e-kishes-800-vjecare\/","title":{"rendered":"Lezh\u00eb\/ Era d\u00ebmton \u00e7atin\u00eb e kish\u00ebs 800-vje\u00e7are"},"content":{"rendered":"<p style=\"background: white;margin: 0in 0in 7.5pt 0in\"><span style=\"color: #333333\">Era e pazakont\u00eb e dit\u00ebs s\u00eb shtun\u00eb ka d\u00ebmtuar edhe \u00e7atin\u00eb e kish\u00ebs 800-vje\u00e7are t\u00eb Sh\u00ebn Premtes, n\u00eb Balldre t\u00eb Lezh\u00ebs, e cila \u00ebsht\u00eb monument kulture.\u00a0<\/span><\/p>\n<p style=\"background: white;text-align: start;margin: 0in 0in 7.5pt 0in\"><span style=\"color: #333333\">Specialist t\u00eb DRKK Shkod\u00ebr pritet t\u00eb vlersojn\u00eb situat\u00ebn dhe t\u00eb p\u00ebrcaktojn\u00eb nevoj\u00ebn e nd\u00ebrhyrjes.<\/span><\/p>\n<p style=\"background: white;text-align: start;margin: 0in 0in 7.5pt 0in\"><span style=\"color: #333333\">Kjo kish\u00eb, e cila ka degraduar gjat\u00eb viteve t\u00eb fundit si rezultat i mos nd\u00ebrhyrjes \u00ebsht\u00eb nj\u00eb aset mjaft i r\u00ebnd\u00ebsish\u00ebm historik.<\/span><\/p>","protected":false},"excerpt":{"rendered":"<p>Era e pazakont\u00eb e dit\u00ebs s\u00eb shtun\u00eb ka d\u00ebmtuar edhe \u00e7atin\u00eb e kish\u00ebs 800-vje\u00e7are t\u00eb Sh\u00ebn Premtes, n\u00eb Balldre t\u00eb Lezh\u00ebs, e cila \u00ebsht\u00eb monument kulture.\u00a0 Specialist t\u00eb DRKK Shkod\u00ebr pritet t\u00eb vlersojn\u00eb situat\u00ebn dhe t\u00eb p\u00ebrcaktojn\u00eb nevoj\u00ebn e nd\u00ebrhyrjes. Kjo kish\u00eb, e cila ka degraduar gjat\u00eb viteve t\u00eb fundit si rezultat i mos nd\u00ebrhyrjes [&hellip;]<\/p>\n","protected":false},"author":2020,"featured_media":71030,"comment_status":"open","ping_status":"closed","sticky":false,"template":"","format":"standard","meta":{"footnotes":""},"categories":[241,231,235],"tags":[],"class_list":{"0":"post-71015","1":"post","2":"type-post","3":"status-publish","4":"format-standard","5":"has-post-thumbnail","7":"category-aktualitet","8":"category-lajme","9":"category-vendi"},"_links":{"self":[{"href":"https:\/\/zjarr.tv\/en\/wp-json\/wp\/v2\/posts\/71015","targetHints":{"allow":["GET"]}}],"collection":[{"href":"https:\/\/zjarr.tv\/en\/wp-json\/wp\/v2\/posts"}],"about":[{"href":"https:\/\/zjarr.tv\/en\/wp-json\/wp\/v2\/types\/post"}],"author":[{"embeddable":true,"href":"https:\/\/zjarr.tv\/en\/wp-json\/wp\/v2\/users\/2020"}],"replies":[{"embeddable":true,"href":"https:\/\/zjarr.tv\/en\/wp-json\/wp\/v2\/comments?post=71015"}],"version-history":[{"count":0,"href":"https:\/\/zjarr.tv\/en\/wp-json\/wp\/v2\/posts\/71015\/revisions"}],"wp:featuredmedia":[{"embeddable":true,"href":"https:\/\/zjarr.tv\/en\/wp-json\/wp\/v2\/media\/71030"}],"wp:attachment":[{"href":"https:\/\/zjarr.tv\/en\/wp-json\/wp\/v2\/media?parent=71015"}],"wp:term":[{"taxonomy":"category","embeddable":true,"href":"https:\/\/zjarr.tv\/en\/wp-json\/wp\/v2\/categories?post=71015"},{"taxonomy":"post_tag","embeddable":true,"href":"https:\/\/zjarr.tv\/en\/wp-json\/wp\/v2\/tags?post=71015"}],"curies":[{"name":"wp","href":"https:\/\/api.w.org\/{rel}","templated":true}]}}