{"id":71019,"date":"2019-02-26T11:47:45","date_gmt":"2019-02-26T10:47:45","guid":{"rendered":"https:\/\/zjarr.tv\/?p=71019"},"modified":"2019-02-26T11:59:03","modified_gmt":"2019-02-26T10:59:03","slug":"seanca-plenare-diten-e-sotme-paloka-tani-mblidhen-ne-ilegalitet","status":"publish","type":"post","link":"https:\/\/zjarr.tv\/en\/seanca-plenare-diten-e-sotme-paloka-tani-mblidhen-ne-ilegalitet\/","title":{"rendered":"Seanca plenare dit\u00ebn e sotme\/ Paloka: Tani mblidhen n\u00eb ilegalitet"},"content":{"rendered":"<p>Kuvendi do t\u00eb zhvilloj\u00eb sot pasdite seanc\u00eb plenare p\u00ebr t\u00eb z\u00ebvend\u00ebsuar t\u00eb enjten. Pas mbledhjes s\u00eb Konferenc\u00ebs s\u00eb Kryetareve u vendos q\u00eb seanca plenare\u00a0 t\u00eb mbahet ne or\u00ebn 17:00. Menj\u00ebher\u00eb pas k\u00ebtij lajmi ka reaguar edhe Edi Paloka. N\u00ebp\u00ebrmjet Facebook deputeti shprehet se tani kan\u00eb filluar ta mbledhin parlamentin n\u00eb ilegalitet.<\/p>\n<p><strong>Statusi i Edi Palok\u00ebs<\/strong><\/p>\n<p>Kuvendi ilegjitim, mblidhet ne ilegalitet.<\/p>\n<p>Pasi e rrethuan me tela me gjemba dhe salduan dyert hyrese, tani kane filluar ta mbledhin dhe ne ilegalitet. Seancen e se enjtes , po kerkojne ta mbledhin fshehtas sot ne oren 17.00.<\/p>\n<p>Sa mendoni se do zgjasni keshtu?! Tik-tak\u2026<\/p>","protected":false},"excerpt":{"rendered":"<p>Kuvendi do t\u00eb zhvilloj\u00eb sot pasdite seanc\u00eb plenare p\u00ebr t\u00eb z\u00ebvend\u00ebsuar t\u00eb enjten. Pas mbledhjes s\u00eb Konferenc\u00ebs s\u00eb Kryetareve u vendos q\u00eb seanca plenare\u00a0 t\u00eb mbahet ne or\u00ebn 17:00. Menj\u00ebher\u00eb pas k\u00ebtij lajmi ka reaguar edhe Edi Paloka. N\u00ebp\u00ebrmjet Facebook deputeti shprehet se tani kan\u00eb filluar ta mbledhin parlamentin n\u00eb ilegalitet. Statusi i Edi Palok\u00ebs [&hellip;]<\/p>\n","protected":false},"author":4,"featured_media":71044,"comment_status":"open","ping_status":"closed","sticky":false,"template":"","format":"standard","meta":{"footnotes":""},"categories":[241,231,235],"tags":[],"class_list":{"0":"post-71019","1":"post","2":"type-post","3":"status-publish","4":"format-standard","5":"has-post-thumbnail","7":"category-aktualitet","8":"category-lajme","9":"category-vendi"},"_links":{"self":[{"href":"https:\/\/zjarr.tv\/en\/wp-json\/wp\/v2\/posts\/71019","targetHints":{"allow":["GET"]}}],"collection":[{"href":"https:\/\/zjarr.tv\/en\/wp-json\/wp\/v2\/posts"}],"about":[{"href":"https:\/\/zjarr.tv\/en\/wp-json\/wp\/v2\/types\/post"}],"author":[{"embeddable":true,"href":"https:\/\/zjarr.tv\/en\/wp-json\/wp\/v2\/users\/4"}],"replies":[{"embeddable":true,"href":"https:\/\/zjarr.tv\/en\/wp-json\/wp\/v2\/comments?post=71019"}],"version-history":[{"count":0,"href":"https:\/\/zjarr.tv\/en\/wp-json\/wp\/v2\/posts\/71019\/revisions"}],"wp:featuredmedia":[{"embeddable":true,"href":"https:\/\/zjarr.tv\/en\/wp-json\/wp\/v2\/media\/71044"}],"wp:attachment":[{"href":"https:\/\/zjarr.tv\/en\/wp-json\/wp\/v2\/media?parent=71019"}],"wp:term":[{"taxonomy":"category","embeddable":true,"href":"https:\/\/zjarr.tv\/en\/wp-json\/wp\/v2\/categories?post=71019"},{"taxonomy":"post_tag","embeddable":true,"href":"https:\/\/zjarr.tv\/en\/wp-json\/wp\/v2\/tags?post=71019"}],"curies":[{"name":"wp","href":"https:\/\/api.w.org\/{rel}","templated":true}]}}