{"id":71023,"date":"2019-02-26T11:51:16","date_gmt":"2019-02-26T10:51:16","guid":{"rendered":"https:\/\/zjarr.tv\/?p=71023"},"modified":"2019-02-26T11:58:06","modified_gmt":"2019-02-26T10:58:06","slug":"ambasadori-i-be-se-thirrje-opozites-per-nje-proteste-te-qete-dhe-pa-dhune","status":"publish","type":"post","link":"https:\/\/zjarr.tv\/en\/ambasadori-i-be-se-thirrje-opozites-per-nje-proteste-te-qete-dhe-pa-dhune\/","title":{"rendered":"Ambasadori i BE-s\u00eb: Thirrje opozit\u00ebs p\u00ebr nj\u00eb protest\u00eb t\u00eb qet\u00eb dhe pa dhun\u00eb"},"content":{"rendered":"<h1 style=\"margin: 0in;margin-bottom: .0001pt;line-height: 18.0pt\"><span style=\"font-size: 15.0pt;font-family: 'Helvetica','sans-serif';color: #333333;font-weight: normal\">\u00a0<\/span><\/h1>\n<p style=\"line-height: 24.0pt;margin: 0in 0in 22.5pt 0in\"><span style=\"font-size: 15.0pt;color: #18191a\">Ambasadori i BE n\u00eb Tiran\u00eb, Luigi Soreca n\u00eb nj\u00eb deklarat\u00eb p\u00ebr mediat ka zbuluar vizit\u00ebn e p\u00ebrfaq\u00ebsuesit t\u00eb PE-s\u00eb, n\u00eb Tiran\u00eb.<\/span><\/p>\n<p style=\"line-height: 24.0pt;text-align: start;margin: 0in 0in 22.5pt 0in\"><span style=\"font-size: 15.0pt;color: #18191a\">Pak pas paralajm\u00ebrimit t\u00eb opozit\u00ebs p\u00ebr protest\u00eb sot para Kuvendit, ambasadori i BE-s\u00eb n\u00eb Tiran\u00eb k\u00ebrkoi zhvillimin e nj\u00eb proteste t\u00eb qet\u00eb dhe pa dhun\u00eb. Lidhur me djegien e 57 mandateve nga ana e deputet\u00ebve t\u00eb opozit\u00ebs s\u00eb bashkuar, Soreca tha se vendi i opozit\u00ebs \u00ebsht\u00eb n\u00eb Kuvend, duke k\u00ebrkuar edhe dialogim me Qeverin\u00eb.<\/span><\/p>\n<p style=\"line-height: 24.0pt;margin: 0in 0in 22.5pt 0in\"><span style=\"font-size: 15.0pt;color: #18191a\">\u201cVendi i opozit\u00ebs, parlamenti. Qeveria dhe opozita duhet t\u00eb dialogojn\u00eb. Qeveria t\u00eb vijoj\u00eb pun\u00ebn p\u00ebr integrimin n\u00eb BE.<\/span><\/p>\n<p style=\"line-height: 24.0pt;text-align: start;margin: 0in 0in 22.5pt 0in\"><span style=\"font-size: 15.0pt;color: #18191a\">P\u00ebrfaq\u00ebsuesi i PE do t\u00eb jet\u00eb nes\u00ebr n\u00eb Tiran\u00eb. Thirrje opozit\u00ebs p\u00ebr nj\u00eb protest\u00eb t\u00eb qet\u00eb dhe pa dhun\u00eb\u201d, u shpreh ambasadori Soreca.<\/span><\/p>","protected":false},"excerpt":{"rendered":"<p>\u00a0 Ambasadori i BE n\u00eb Tiran\u00eb, Luigi Soreca n\u00eb nj\u00eb deklarat\u00eb p\u00ebr mediat ka zbuluar vizit\u00ebn e p\u00ebrfaq\u00ebsuesit t\u00eb PE-s\u00eb, n\u00eb Tiran\u00eb. Pak pas paralajm\u00ebrimit t\u00eb opozit\u00ebs p\u00ebr protest\u00eb sot para Kuvendit, ambasadori i BE-s\u00eb n\u00eb Tiran\u00eb k\u00ebrkoi zhvillimin e nj\u00eb proteste t\u00eb qet\u00eb dhe pa dhun\u00eb. Lidhur me djegien e 57 mandateve nga ana [&hellip;]<\/p>\n","protected":false},"author":4,"featured_media":71038,"comment_status":"open","ping_status":"closed","sticky":false,"template":"","format":"standard","meta":{"footnotes":""},"categories":[241,231,235],"tags":[],"class_list":{"0":"post-71023","1":"post","2":"type-post","3":"status-publish","4":"format-standard","5":"has-post-thumbnail","7":"category-aktualitet","8":"category-lajme","9":"category-vendi"},"_links":{"self":[{"href":"https:\/\/zjarr.tv\/en\/wp-json\/wp\/v2\/posts\/71023","targetHints":{"allow":["GET"]}}],"collection":[{"href":"https:\/\/zjarr.tv\/en\/wp-json\/wp\/v2\/posts"}],"about":[{"href":"https:\/\/zjarr.tv\/en\/wp-json\/wp\/v2\/types\/post"}],"author":[{"embeddable":true,"href":"https:\/\/zjarr.tv\/en\/wp-json\/wp\/v2\/users\/4"}],"replies":[{"embeddable":true,"href":"https:\/\/zjarr.tv\/en\/wp-json\/wp\/v2\/comments?post=71023"}],"version-history":[{"count":0,"href":"https:\/\/zjarr.tv\/en\/wp-json\/wp\/v2\/posts\/71023\/revisions"}],"wp:featuredmedia":[{"embeddable":true,"href":"https:\/\/zjarr.tv\/en\/wp-json\/wp\/v2\/media\/71038"}],"wp:attachment":[{"href":"https:\/\/zjarr.tv\/en\/wp-json\/wp\/v2\/media?parent=71023"}],"wp:term":[{"taxonomy":"category","embeddable":true,"href":"https:\/\/zjarr.tv\/en\/wp-json\/wp\/v2\/categories?post=71023"},{"taxonomy":"post_tag","embeddable":true,"href":"https:\/\/zjarr.tv\/en\/wp-json\/wp\/v2\/tags?post=71023"}],"curies":[{"name":"wp","href":"https:\/\/api.w.org\/{rel}","templated":true}]}}