{"id":71026,"date":"2019-02-26T11:56:29","date_gmt":"2019-02-26T10:56:29","guid":{"rendered":"https:\/\/zjarr.tv\/?p=71026"},"modified":"2019-02-26T11:56:29","modified_gmt":"2019-02-26T10:56:29","slug":"opozita-jashte-parlamentit-ruci-mbledh-pasdite-seancen-plenare","status":"publish","type":"post","link":"https:\/\/zjarr.tv\/en\/opozita-jashte-parlamentit-ruci-mbledh-pasdite-seancen-plenare\/","title":{"rendered":"Opozita jasht\u00eb Parlamentit, Ru\u00e7i mbledh pasdite seanc\u00ebn plenare"},"content":{"rendered":"<p>Kryetari i Kuvendit Gramoz Ru\u00e7i, ka thirrur pasditen e sotme seanc\u00ebn parlamentare, pas shtytjes q\u00eb ju b\u00eb t\u00eb enjten e kaluar, p\u00ebr t\u00eb shmangur tensionet si pasoj\u00eb e protest\u00ebs s\u00eb opozit\u00ebs.<\/p>\n<p>Por kjo \u00ebsht\u00eb seanca e par\u00eb q\u00eb mbahet, pasi q\u00eb nga e enjtja opozita ka djegur mandatet e deputet\u00ebve dhe nuk do t\u00eb jet\u00eb m\u00eb n\u00eb Kuvend.<\/p>\n<p>K\u00ebsisoj pritet t\u00eb shihet se si do t\u00eb zhvillohen punimet dhe n\u00eb t\u00eb nj\u00ebjt\u00ebn koh\u00eb edhe q\u00ebndrimi i opozit\u00ebs, lidhur me seanc\u00ebn e sotme.<\/p>\n<p>Vendimi p\u00ebr mbajtjen e seanc\u00ebs u mor paraditen e sotme gjat\u00eb mbledhjes s\u00eb Konferenc\u00ebs s\u00eb Kryetar\u00ebve.<\/p>\n<p>Gjat\u00eb seanc\u00ebs s\u00eb sotme pritet t\u00eb miratohet struktura dhe buxheti i K\u00ebshillit t\u00eb Lart\u00eb Gjyq\u00ebsor dhe t\u00eb Prokuroris\u00eb.<\/p>\n<p>Nd\u00ebrkoh\u00eb opozita ka lajm\u00ebruar zhvillimin e protestave t\u00eb vazhdueshme, ku m\u00eb e af\u00ebrta \u00ebsht\u00eb t\u00eb enjten, kur dhe mblidhet zakonisht parlamenti. Kjo gj\u00eb \u00ebsht\u00eb paralajm\u00ebruar t\u00eb vijoj\u00eb deri n\u00eb krijimin e nj\u00eb qeverie tranzitore, mbajtjen e zgjedhjeve t\u00eb lira dhe dor\u00ebheqjen e Kryeministrit Edi Rama.<\/p>","protected":false},"excerpt":{"rendered":"<p>Kryetari i Kuvendit Gramoz Ru\u00e7i, ka thirrur pasditen e sotme seanc\u00ebn parlamentare, pas shtytjes q\u00eb ju b\u00eb t\u00eb enjten e kaluar, p\u00ebr t\u00eb shmangur tensionet si pasoj\u00eb e protest\u00ebs s\u00eb opozit\u00ebs. Por kjo \u00ebsht\u00eb seanca e par\u00eb q\u00eb mbahet, pasi q\u00eb nga e enjtja opozita ka djegur mandatet e deputet\u00ebve dhe nuk do t\u00eb jet\u00eb [&hellip;]<\/p>\n","protected":false},"author":4,"featured_media":71035,"comment_status":"open","ping_status":"closed","sticky":false,"template":"","format":"standard","meta":{"footnotes":""},"categories":[241,231,235],"tags":[],"class_list":{"0":"post-71026","1":"post","2":"type-post","3":"status-publish","4":"format-standard","5":"has-post-thumbnail","7":"category-aktualitet","8":"category-lajme","9":"category-vendi"},"_links":{"self":[{"href":"https:\/\/zjarr.tv\/en\/wp-json\/wp\/v2\/posts\/71026","targetHints":{"allow":["GET"]}}],"collection":[{"href":"https:\/\/zjarr.tv\/en\/wp-json\/wp\/v2\/posts"}],"about":[{"href":"https:\/\/zjarr.tv\/en\/wp-json\/wp\/v2\/types\/post"}],"author":[{"embeddable":true,"href":"https:\/\/zjarr.tv\/en\/wp-json\/wp\/v2\/users\/4"}],"replies":[{"embeddable":true,"href":"https:\/\/zjarr.tv\/en\/wp-json\/wp\/v2\/comments?post=71026"}],"version-history":[{"count":0,"href":"https:\/\/zjarr.tv\/en\/wp-json\/wp\/v2\/posts\/71026\/revisions"}],"wp:featuredmedia":[{"embeddable":true,"href":"https:\/\/zjarr.tv\/en\/wp-json\/wp\/v2\/media\/71035"}],"wp:attachment":[{"href":"https:\/\/zjarr.tv\/en\/wp-json\/wp\/v2\/media?parent=71026"}],"wp:term":[{"taxonomy":"category","embeddable":true,"href":"https:\/\/zjarr.tv\/en\/wp-json\/wp\/v2\/categories?post=71026"},{"taxonomy":"post_tag","embeddable":true,"href":"https:\/\/zjarr.tv\/en\/wp-json\/wp\/v2\/tags?post=71026"}],"curies":[{"name":"wp","href":"https:\/\/api.w.org\/{rel}","templated":true}]}}