{"id":71034,"date":"2019-02-26T11:58:29","date_gmt":"2019-02-26T10:58:29","guid":{"rendered":"https:\/\/zjarr.tv\/?p=71034"},"modified":"2019-02-26T11:58:29","modified_gmt":"2019-02-26T10:58:29","slug":"tirane-arrestohet-autori-qe-masakroi-dhe-vrau-kunaten","status":"publish","type":"post","link":"https:\/\/zjarr.tv\/en\/tirane-arrestohet-autori-qe-masakroi-dhe-vrau-kunaten\/","title":{"rendered":"Tiran\u00eb, arrestohet autori q\u00eb masakroi dhe vrau kunat\u00ebn"},"content":{"rendered":"<p style=\"background: white;margin: 0in 0in 7.5pt 0in\"><span style=\"color: #333333\">Kapet dhe arrestohet autori i dyshuar i vrasjes s\u00eb shtetases L. Xh., ngjarje e ndodhur m\u00eb 13 shkurt 2019, pran\u00eb kodrave t\u00eb liqenit t\u00eb Sharr\u00ebs.<\/span><\/p>\n<p style=\"background: white;margin: 0in 0in 7.5pt 0in\"><span style=\"color: #333333\">N\u00eb pranga dhe nj\u00eb tjet\u00ebr shtetas p\u00ebr \u201cP\u00ebrkrahje t\u00eb autorit t\u00eb krimit\u201d.<\/span><\/p>\n<p style=\"background: white;text-align: start;margin: 0in 0in 7.5pt 0in\"><span style=\"color: #333333\">Sh\u00ebrbimet e Policis\u00eb Tiran\u00eb, pas identifikimit t\u00eb autorit t\u00eb dyshuar t\u00eb vrasjes s\u00eb shtetases L. Xh., jan\u00eb v\u00ebn\u00eb n\u00eb ndjekje intensive t\u00eb tij. N\u00eb saj\u00eb t\u00eb informacioneve t\u00eb marra n\u00eb rrug\u00eb operative sh\u00ebrbimet e Policis\u00eb lokalizuan vendodhjen e autorit t\u00eb dyshuar, shtetasit D. Xh., dhe b\u00ebn\u00eb kapjen dhe arrestimin e tij n\u00eb qytetin e Peshkopis\u00eb ku dhe strehoej.<\/span><\/p>\n<p style=\"background: white;text-align: start;margin: 0in 0in 7.5pt 0in\"><span style=\"color: #333333\">Gjithashtu u arrestua dhe shtetasi M. S., p\u00ebr \u201cP\u00ebrkrahje t\u00eb autorit t\u00eb krimit\u201d, i cili ka ndihmuar dhe strehuar autorin e dyshuar.<\/span><\/p>\n<p style=\"background: white;text-align: start;margin: 0in 0in 7.5pt 0in\"><span style=\"color: #333333\">Materialet i kaluan Prokuroris\u00eb s\u00eb Rrethit Gjyq\u00ebsor Tiran\u00eb, p\u00ebr veprat penale \u201cVrasje p\u00ebr shkak t\u00eb marr\u00ebdh\u00ebnieve familjare\u201d, \u201cArm\u00ebmbajtje pa leje\u201d, n\u00eb ngarkim t\u00eb shtetasit D. Xh., dhe p\u00ebr vepr\u00ebn penale \u201cP\u00ebrkrahje e autorit t\u00eb krimit\u201d, n\u00eb ngarkim t\u00eb shtetasit M. S.<\/span><\/p>","protected":false},"excerpt":{"rendered":"<p>Kapet dhe arrestohet autori i dyshuar i vrasjes s\u00eb shtetases L. Xh., ngjarje e ndodhur m\u00eb 13 shkurt 2019, pran\u00eb kodrave t\u00eb liqenit t\u00eb Sharr\u00ebs. N\u00eb pranga dhe nj\u00eb tjet\u00ebr shtetas p\u00ebr \u201cP\u00ebrkrahje t\u00eb autorit t\u00eb krimit\u201d. Sh\u00ebrbimet e Policis\u00eb Tiran\u00eb, pas identifikimit t\u00eb autorit t\u00eb dyshuar t\u00eb vrasjes s\u00eb shtetases L. Xh., jan\u00eb v\u00ebn\u00eb [&hellip;]<\/p>\n","protected":false},"author":2020,"featured_media":71041,"comment_status":"open","ping_status":"closed","sticky":false,"template":"","format":"standard","meta":{"footnotes":""},"categories":[241,231,235],"tags":[],"class_list":{"0":"post-71034","1":"post","2":"type-post","3":"status-publish","4":"format-standard","5":"has-post-thumbnail","7":"category-aktualitet","8":"category-lajme","9":"category-vendi"},"_links":{"self":[{"href":"https:\/\/zjarr.tv\/en\/wp-json\/wp\/v2\/posts\/71034","targetHints":{"allow":["GET"]}}],"collection":[{"href":"https:\/\/zjarr.tv\/en\/wp-json\/wp\/v2\/posts"}],"about":[{"href":"https:\/\/zjarr.tv\/en\/wp-json\/wp\/v2\/types\/post"}],"author":[{"embeddable":true,"href":"https:\/\/zjarr.tv\/en\/wp-json\/wp\/v2\/users\/2020"}],"replies":[{"embeddable":true,"href":"https:\/\/zjarr.tv\/en\/wp-json\/wp\/v2\/comments?post=71034"}],"version-history":[{"count":0,"href":"https:\/\/zjarr.tv\/en\/wp-json\/wp\/v2\/posts\/71034\/revisions"}],"wp:featuredmedia":[{"embeddable":true,"href":"https:\/\/zjarr.tv\/en\/wp-json\/wp\/v2\/media\/71041"}],"wp:attachment":[{"href":"https:\/\/zjarr.tv\/en\/wp-json\/wp\/v2\/media?parent=71034"}],"wp:term":[{"taxonomy":"category","embeddable":true,"href":"https:\/\/zjarr.tv\/en\/wp-json\/wp\/v2\/categories?post=71034"},{"taxonomy":"post_tag","embeddable":true,"href":"https:\/\/zjarr.tv\/en\/wp-json\/wp\/v2\/tags?post=71034"}],"curies":[{"name":"wp","href":"https:\/\/api.w.org\/{rel}","templated":true}]}}