{"id":71045,"date":"2019-02-26T12:01:13","date_gmt":"2019-02-26T11:01:13","guid":{"rendered":"https:\/\/zjarr.tv\/?p=71045"},"modified":"2019-02-26T12:01:13","modified_gmt":"2019-02-26T11:01:13","slug":"renia-e-ashensorit-ne-don-bosko-arrestohet-tekniku","status":"publish","type":"post","link":"https:\/\/zjarr.tv\/en\/renia-e-ashensorit-ne-don-bosko-arrestohet-tekniku\/","title":{"rendered":"R\u00ebnia e ashensorit n\u00eb &#8220;Don Bosko&#8221;, arrestohet tekniku"},"content":{"rendered":"<p>Nj\u00eb dit\u00eb pas rr\u00ebzimit t\u00eb ashensorit \u00a0n\u00eb zon\u00ebn e &#8220;Don Boskos&#8221;, ku nj\u00eb vajz\u00eb mbeti e plagosur, policia ka arrestuar teknikun.<\/p>\n<p><em>&#8220;49-vje\u00e7ari A.M u arrestua pasi ka kryer kontroll teknik t\u00eb ashensorit para dy muajsh duke deklaruar se ashensori nuk ka probleme dhe nuk ka l\u00ebshuar certifikat\u00eb p\u00ebrkat\u00ebse sigurie&#8221;,<\/em>\u00a0sqaron policia.<\/p>\n<p>Materialet iu referuan Prokuroris\u00eb s\u00eb Rrethit Gjyq\u00ebsor Tiran\u00eb p\u00ebr veprime t\u00eb m\u00ebtejshme n\u00eb ngarkim t\u00eb shtetasit t\u00eb lartp\u00ebrmendur p\u00ebr vepr\u00ebn penale \u201cShkelje e rregullave t\u00eb mbrojtjes n\u00eb pun\u00eb\u201d, parashikuar nga neni 289 i Kodit Penal<\/p>","protected":false},"excerpt":{"rendered":"<p>Nj\u00eb dit\u00eb pas rr\u00ebzimit t\u00eb ashensorit \u00a0n\u00eb zon\u00ebn e &#8220;Don Boskos&#8221;, ku nj\u00eb vajz\u00eb mbeti e plagosur, policia ka arrestuar teknikun. &#8220;49-vje\u00e7ari A.M u arrestua pasi ka kryer kontroll teknik t\u00eb ashensorit para dy muajsh duke deklaruar se ashensori nuk ka probleme dhe nuk ka l\u00ebshuar certifikat\u00eb p\u00ebrkat\u00ebse sigurie&#8221;,\u00a0sqaron policia. Materialet iu referuan Prokuroris\u00eb s\u00eb [&hellip;]<\/p>\n","protected":false},"author":2020,"featured_media":0,"comment_status":"open","ping_status":"closed","sticky":false,"template":"","format":"standard","meta":{"footnotes":""},"categories":[241,231,235],"tags":[],"class_list":{"0":"post-71045","1":"post","2":"type-post","3":"status-publish","4":"format-standard","6":"category-aktualitet","7":"category-lajme","8":"category-vendi"},"_links":{"self":[{"href":"https:\/\/zjarr.tv\/en\/wp-json\/wp\/v2\/posts\/71045","targetHints":{"allow":["GET"]}}],"collection":[{"href":"https:\/\/zjarr.tv\/en\/wp-json\/wp\/v2\/posts"}],"about":[{"href":"https:\/\/zjarr.tv\/en\/wp-json\/wp\/v2\/types\/post"}],"author":[{"embeddable":true,"href":"https:\/\/zjarr.tv\/en\/wp-json\/wp\/v2\/users\/2020"}],"replies":[{"embeddable":true,"href":"https:\/\/zjarr.tv\/en\/wp-json\/wp\/v2\/comments?post=71045"}],"version-history":[{"count":0,"href":"https:\/\/zjarr.tv\/en\/wp-json\/wp\/v2\/posts\/71045\/revisions"}],"wp:attachment":[{"href":"https:\/\/zjarr.tv\/en\/wp-json\/wp\/v2\/media?parent=71045"}],"wp:term":[{"taxonomy":"category","embeddable":true,"href":"https:\/\/zjarr.tv\/en\/wp-json\/wp\/v2\/categories?post=71045"},{"taxonomy":"post_tag","embeddable":true,"href":"https:\/\/zjarr.tv\/en\/wp-json\/wp\/v2\/tags?post=71045"}],"curies":[{"name":"wp","href":"https:\/\/api.w.org\/{rel}","templated":true}]}}