{"id":71068,"date":"2019-02-26T12:20:16","date_gmt":"2019-02-26T11:20:16","guid":{"rendered":"https:\/\/zjarr.tv\/?p=71068"},"modified":"2019-02-26T12:20:16","modified_gmt":"2019-02-26T11:20:16","slug":"emrat-akuzat-e-opozites-ps-kerkese-kqz-i-mbyll-deren-rikandidimit-te-disa-kryebashkiakeve","status":"publish","type":"post","link":"https:\/\/zjarr.tv\/en\/emrat-akuzat-e-opozites-ps-kerkese-kqz-i-mbyll-deren-rikandidimit-te-disa-kryebashkiakeve\/","title":{"rendered":"EMRAT\/ Akuzat e opozit\u00ebs, PS k\u00ebrkes\u00eb KQZ, i mbyll der\u00ebn rikandidimit t\u00eb disa kryebashkiak\u00ebve"},"content":{"rendered":"<p>Vet\u00ebm nj\u00eb dit\u00eb pasi kryedemokrati Basha, deklaroi se po b\u00ebhen p\u00ebrgatitjet p\u00ebr arrestimin e kreut t\u00eb bashkis\u00eb s\u00eb Durr\u00ebsit, Vangjush Dako, Partia Socialiste i \u00ebsht\u00eb drejtuar me nj\u00eb k\u00ebrkes\u00eb Komisionit Q\u00ebndror t\u00eb Zgjedhjeve.<\/p>\n<p>Thelbi i k\u00ebrkes\u00ebs \u00ebsht\u00eb moskandidimi n\u00eb zgjedhjet lokale i t\u00eb gjith\u00eb atyre kryebashkiak\u00ebve aktual\u00eb, t\u00eb cil\u00ebt kan\u00eb ezauruar tre mandate.<\/p>\n<p>Me nj\u00eb k\u00ebrkes\u00eb t\u00eb till\u00eb, kuptohet se PS-ja, i mbyll der\u00ebn p\u00ebr nj\u00eb rikandidim t\u00eb mundsh\u00ebm nj\u00eb s\u00ebr\u00eb emrash t\u00eb njohur nd\u00ebr kryebashkiak\u00eb q\u00eb i kan\u00eb kryer tashm\u00eb tre mandatet, si kryebashkiaku i Durr\u00ebsit, Vangjush Dako apo Qazim Sejdini i Elbasanit.<\/p>\n<p>Por, cil\u00ebt jane kryebashkiaket qe nuk mund te rikandidojn\u00eb. Ja emrat q\u00eb ka nxjerr\u00eb Instituti i Studimeve Politike teksa ka shkruar pak koh\u00eb m\u00eb par\u00eb p\u00ebr mandatet e kryebashkiak\u00ebve.<\/p>\n<p><a href=\"https:\/\/zjarr.tv\/wp-content\/uploads\/2019\/02\/lista1.png\"><img loading=\"lazy\" decoding=\"async\" class=\"alignnone size-full wp-image-71074\" src=\"https:\/\/zjarr.tv\/wp-content\/uploads\/2019\/02\/lista1.png\" alt=\"\" width=\"768\" height=\"606\" srcset=\"https:\/\/zjarr.tv\/wp-content\/uploads\/2019\/02\/lista1.png 768w, https:\/\/zjarr.tv\/wp-content\/uploads\/2019\/02\/lista1-300x237.png 300w, https:\/\/zjarr.tv\/wp-content\/uploads\/2019\/02\/lista1-696x549.png 696w, https:\/\/zjarr.tv\/wp-content\/uploads\/2019\/02\/lista1-532x420.png 532w\" sizes=\"auto, (max-width: 768px) 100vw, 768px\" \/><\/a><\/p>","protected":false},"excerpt":{"rendered":"<p>Vet\u00ebm nj\u00eb dit\u00eb pasi kryedemokrati Basha, deklaroi se po b\u00ebhen p\u00ebrgatitjet p\u00ebr arrestimin e kreut t\u00eb bashkis\u00eb s\u00eb Durr\u00ebsit, Vangjush Dako, Partia Socialiste i \u00ebsht\u00eb drejtuar me nj\u00eb k\u00ebrkes\u00eb Komisionit Q\u00ebndror t\u00eb Zgjedhjeve. Thelbi i k\u00ebrkes\u00ebs \u00ebsht\u00eb moskandidimi n\u00eb zgjedhjet lokale i t\u00eb gjith\u00eb atyre kryebashkiak\u00ebve aktual\u00eb, t\u00eb cil\u00ebt kan\u00eb ezauruar tre mandate. Me nj\u00eb [&hellip;]<\/p>\n","protected":false},"author":4,"featured_media":0,"comment_status":"open","ping_status":"closed","sticky":false,"template":"","format":"standard","meta":{"footnotes":""},"categories":[241,231,235],"tags":[],"class_list":{"0":"post-71068","1":"post","2":"type-post","3":"status-publish","4":"format-standard","6":"category-aktualitet","7":"category-lajme","8":"category-vendi"},"_links":{"self":[{"href":"https:\/\/zjarr.tv\/en\/wp-json\/wp\/v2\/posts\/71068","targetHints":{"allow":["GET"]}}],"collection":[{"href":"https:\/\/zjarr.tv\/en\/wp-json\/wp\/v2\/posts"}],"about":[{"href":"https:\/\/zjarr.tv\/en\/wp-json\/wp\/v2\/types\/post"}],"author":[{"embeddable":true,"href":"https:\/\/zjarr.tv\/en\/wp-json\/wp\/v2\/users\/4"}],"replies":[{"embeddable":true,"href":"https:\/\/zjarr.tv\/en\/wp-json\/wp\/v2\/comments?post=71068"}],"version-history":[{"count":0,"href":"https:\/\/zjarr.tv\/en\/wp-json\/wp\/v2\/posts\/71068\/revisions"}],"wp:attachment":[{"href":"https:\/\/zjarr.tv\/en\/wp-json\/wp\/v2\/media?parent=71068"}],"wp:term":[{"taxonomy":"category","embeddable":true,"href":"https:\/\/zjarr.tv\/en\/wp-json\/wp\/v2\/categories?post=71068"},{"taxonomy":"post_tag","embeddable":true,"href":"https:\/\/zjarr.tv\/en\/wp-json\/wp\/v2\/tags?post=71068"}],"curies":[{"name":"wp","href":"https:\/\/api.w.org\/{rel}","templated":true}]}}