{"id":71078,"date":"2019-02-26T12:28:29","date_gmt":"2019-02-26T11:28:29","guid":{"rendered":"https:\/\/zjarr.tv\/?p=71078"},"modified":"2019-02-26T12:28:29","modified_gmt":"2019-02-26T11:28:29","slug":"pikepyetjet-mbi-tragjedine-e-sala-zbulohen-detaje-te-reja","status":"publish","type":"post","link":"https:\/\/zjarr.tv\/en\/pikepyetjet-mbi-tragjedine-e-sala-zbulohen-detaje-te-reja\/","title":{"rendered":"Pik\u00ebpyetjet mbi tragjedin\u00eb e Sala, zbulohen detaje t\u00eb reja"},"content":{"rendered":"<p>Nj\u00eb jav\u00eb nga funerali i futbollistit n\u00eb vendlindjen e tij n\u00eb Argjentin\u00eb, jan\u00eb publikuar imazhe te reja t\u00eb rr\u00ebnojave t\u00eb avionit Piper q\u00eb u rr\u00ebzua n\u00eb uj\u00ebrat e acarta n\u00eb 21 Janar nd\u00ebrsa fluturonte nga Nanta n\u00eb Kardif. Fotot jan\u00eb pjes\u00eb e dosjes s\u00eb Autoritetit Hetimor t\u00eb Aksidenteve Ajrore q\u00eb po analizon t\u00eb gjith\u00eb \u00e7\u00ebshtjen, e cila ka ngritur shum\u00eb pik\u00ebpyetje p\u00ebr tifoz\u00ebt dhe familjen e futbollistit. Pas akuzave t\u00eb familjar\u00ebve se Emiliano Sal\u00ebn mund ta ken\u00eb vrar\u00eb, zbulohet edhe zyrtarisht se pilotit Dejvid Ibotson, trupi i t\u00eb cilit ende nuk \u00ebsht\u00eb gjetur, nuk kishte licenc\u00eb p\u00ebr t\u00eb fluturuar me njer\u00ebz t\u00eb tjer\u00eb. N\u00eb raport thuhet gjithashtu se n\u00eb 15 minutat e fundit para rr\u00ebzimit t\u00eb avionit turistik, piloti humbi kuot\u00ebn e lart\u00ebsis\u00eb p\u00ebr 4 her\u00eb, duke sinjalizuar kull\u00ebn e trafikut p\u00ebr shikueshm\u00ebri t\u00eb dob\u00ebt. Pak sekonda pas p\u00ebrplasjes me ujin, avioni ra me shpejt\u00ebsi m\u00eb shum\u00eb se 100 kilometra n\u00eb or\u00eb. Por jo vet\u00ebm kaq. Ka dy gabime t\u00eb r\u00ebnd\u00ebsishme n\u00eb planin e fluturimit t\u00eb pilotit, numri i gabuar i licenc\u00ebs dhe zgjedhja e fluturimit me tem\u00eb shikueshm\u00ebri t\u00eb lir\u00eb dhe jo instrumentale si\u00e7 u sugjerua nga parashikimi i motit.<\/p>","protected":false},"excerpt":{"rendered":"<p>Nj\u00eb jav\u00eb nga funerali i futbollistit n\u00eb vendlindjen e tij n\u00eb Argjentin\u00eb, jan\u00eb publikuar imazhe te reja t\u00eb rr\u00ebnojave t\u00eb avionit Piper q\u00eb u rr\u00ebzua n\u00eb uj\u00ebrat e acarta n\u00eb 21 Janar nd\u00ebrsa fluturonte nga Nanta n\u00eb Kardif. Fotot jan\u00eb pjes\u00eb e dosjes s\u00eb Autoritetit Hetimor t\u00eb Aksidenteve Ajrore q\u00eb po analizon t\u00eb gjith\u00eb \u00e7\u00ebshtjen, [&hellip;]<\/p>\n","protected":false},"author":2013,"featured_media":0,"comment_status":"open","ping_status":"closed","sticky":false,"template":"","format":"standard","meta":{"footnotes":""},"categories":[241,191],"tags":[],"class_list":{"0":"post-71078","1":"post","2":"type-post","3":"status-publish","4":"format-standard","6":"category-aktualitet","7":"category-bota"},"_links":{"self":[{"href":"https:\/\/zjarr.tv\/en\/wp-json\/wp\/v2\/posts\/71078","targetHints":{"allow":["GET"]}}],"collection":[{"href":"https:\/\/zjarr.tv\/en\/wp-json\/wp\/v2\/posts"}],"about":[{"href":"https:\/\/zjarr.tv\/en\/wp-json\/wp\/v2\/types\/post"}],"author":[{"embeddable":true,"href":"https:\/\/zjarr.tv\/en\/wp-json\/wp\/v2\/users\/2013"}],"replies":[{"embeddable":true,"href":"https:\/\/zjarr.tv\/en\/wp-json\/wp\/v2\/comments?post=71078"}],"version-history":[{"count":0,"href":"https:\/\/zjarr.tv\/en\/wp-json\/wp\/v2\/posts\/71078\/revisions"}],"wp:attachment":[{"href":"https:\/\/zjarr.tv\/en\/wp-json\/wp\/v2\/media?parent=71078"}],"wp:term":[{"taxonomy":"category","embeddable":true,"href":"https:\/\/zjarr.tv\/en\/wp-json\/wp\/v2\/categories?post=71078"},{"taxonomy":"post_tag","embeddable":true,"href":"https:\/\/zjarr.tv\/en\/wp-json\/wp\/v2\/tags?post=71078"}],"curies":[{"name":"wp","href":"https:\/\/api.w.org\/{rel}","templated":true}]}}