{"id":71092,"date":"2019-02-26T12:34:54","date_gmt":"2019-02-26T11:34:54","guid":{"rendered":"https:\/\/zjarr.tv\/?p=71092"},"modified":"2019-02-26T12:34:54","modified_gmt":"2019-02-26T11:34:54","slug":"sulmuan-fizikisht-futbollistet-kundershtare-3-tifoze-perfundojne-ne-pranga","status":"publish","type":"post","link":"https:\/\/zjarr.tv\/en\/sulmuan-fizikisht-futbollistet-kundershtare-3-tifoze-perfundojne-ne-pranga\/","title":{"rendered":"Sulmuan fizikisht futbollist\u00ebt kund\u00ebrshtar\u00eb, 3 tifoz\u00eb p\u00ebrfundojn\u00eb n\u00eb pranga"},"content":{"rendered":"<p>Sulmi ndaj futbollist\u00ebve t\u00eb skuadr\u00ebs s\u00eb water-polo t\u00eb Crvena Zvezda i ka kushtuar lirin\u00eb 3 tifoz\u00ebve kroat. Lajmi \u00ebsht\u00eb konfirmuar nga policia kroate, e cila n\u00eb nj\u00eb komunikat\u00eb zyrtare ka pohuar se tifoz\u00ebt kan\u00eb sulmuar fizikisht skuadr\u00ebn serbe, duke i shkaktuar plag\u00eb t\u00eb r\u00ebnda.<br \/>\nM\u00eb i l\u00ebnduar duket se ka q\u00ebn\u00eb portieri i Crvena, Alesandro Kralj, i cili gjat\u00eb sulmit p\u00ebsoi thyrje t\u00eb hund\u00ebs.\u00a0 Incident q\u00eb ka ngjallur edhe reagimin e Ministrin\u00eb s\u00eb brendshme kroate, e cila tha se p\u00ebrpos 3 t\u00eb arrestuarve n\u00eb k\u00ebrkim jan\u00eb edhe 2 tifoz t\u00eb tjer\u00eb. Nd\u00ebrkoh\u00eb, qeveria serbe ka njoftuar se do t\u00eb nis\u00eb nj\u00eb protest\u00eb zyrtare kund\u00ebr Kroacis\u00eb, nd\u00ebrsa qeveria kroate e d\u00ebnoi sulmin dhe b\u00ebri thirrje p\u00ebr nj\u00eb veprim t\u00eb shpejt\u00eb ligjor kund\u00ebr sulmuesve.\u00a0 Sulmi ndodhi pak or\u00eb para duelit mes Mornarit t\u00eb Splitit dhe Crvena Zvezda, e vlefshme p\u00ebr kampionatin rajonal.<\/p>","protected":false},"excerpt":{"rendered":"<p>Sulmi ndaj futbollist\u00ebve t\u00eb skuadr\u00ebs s\u00eb water-polo t\u00eb Crvena Zvezda i ka kushtuar lirin\u00eb 3 tifoz\u00ebve kroat. Lajmi \u00ebsht\u00eb konfirmuar nga policia kroate, e cila n\u00eb nj\u00eb komunikat\u00eb zyrtare ka pohuar se tifoz\u00ebt kan\u00eb sulmuar fizikisht skuadr\u00ebn serbe, duke i shkaktuar plag\u00eb t\u00eb r\u00ebnda. M\u00eb i l\u00ebnduar duket se ka q\u00ebn\u00eb portieri i Crvena, Alesandro [&hellip;]<\/p>\n","protected":false},"author":2013,"featured_media":0,"comment_status":"open","ping_status":"closed","sticky":false,"template":"","format":"standard","meta":{"footnotes":""},"categories":[241,192],"tags":[],"class_list":{"0":"post-71092","1":"post","2":"type-post","3":"status-publish","4":"format-standard","6":"category-aktualitet","7":"category-sport"},"_links":{"self":[{"href":"https:\/\/zjarr.tv\/en\/wp-json\/wp\/v2\/posts\/71092","targetHints":{"allow":["GET"]}}],"collection":[{"href":"https:\/\/zjarr.tv\/en\/wp-json\/wp\/v2\/posts"}],"about":[{"href":"https:\/\/zjarr.tv\/en\/wp-json\/wp\/v2\/types\/post"}],"author":[{"embeddable":true,"href":"https:\/\/zjarr.tv\/en\/wp-json\/wp\/v2\/users\/2013"}],"replies":[{"embeddable":true,"href":"https:\/\/zjarr.tv\/en\/wp-json\/wp\/v2\/comments?post=71092"}],"version-history":[{"count":0,"href":"https:\/\/zjarr.tv\/en\/wp-json\/wp\/v2\/posts\/71092\/revisions"}],"wp:attachment":[{"href":"https:\/\/zjarr.tv\/en\/wp-json\/wp\/v2\/media?parent=71092"}],"wp:term":[{"taxonomy":"category","embeddable":true,"href":"https:\/\/zjarr.tv\/en\/wp-json\/wp\/v2\/categories?post=71092"},{"taxonomy":"post_tag","embeddable":true,"href":"https:\/\/zjarr.tv\/en\/wp-json\/wp\/v2\/tags?post=71092"}],"curies":[{"name":"wp","href":"https:\/\/api.w.org\/{rel}","templated":true}]}}