{"id":71127,"date":"2019-02-26T14:07:29","date_gmt":"2019-02-26T13:07:29","guid":{"rendered":"https:\/\/zjarr.tv\/?p=71127"},"modified":"2019-02-26T14:08:28","modified_gmt":"2019-02-26T13:08:28","slug":"djegia-e-mandateve-kie-deputetet-e-opozites-te-rishikojne-doreheqjet","status":"publish","type":"post","link":"https:\/\/zjarr.tv\/en\/djegia-e-mandateve-kie-deputetet-e-opozites-te-rishikojne-doreheqjet\/","title":{"rendered":"Djegia e mandateve, KiE: Deputet\u00ebt e opozit\u00ebs t\u00eb rishikojn\u00eb dor\u00ebheqjet"},"content":{"rendered":"<p>Asambleja Parlamentare e K\u00ebshillit t\u00eb Evrop\u00ebs, reagon lidhur me djegien e mandateve t\u00eb deputet\u00ebve prej opozit\u00ebs.<\/p>\n<p>Raportuesit p\u00ebr Shqip\u00ebrin\u00eb n\u00eb Asamblen\u00eb e KiE, Joseph O\u2019Reilly dhe Andrej Hunko, n\u00eb nj\u00eb deklarat\u00eb lidhur me situat\u00ebn n\u00eb vend, thon\u00eb se n\u00eb nj\u00eb shoq\u00ebri demokratike Parlamenti \u00ebsht\u00eb qendra e debatit politik.<\/p>\n<p>\u201cN\u00eb nj\u00eb shoq\u00ebri demokratike, Parlamenti \u00ebsht\u00eb qendra e debatit politik, dialogut dhe diskutimit. Parlamentar\u00ebt i p\u00ebrkasin Parlamentit\u201d, deklarohet.<\/p>\n<p>M\u00eb tej n\u00ebnvizohet se deputet\u00ebt e opozit\u00ebs duhet t\u00eb rishikojn\u00eb dor\u00ebheqjet e tyre dhe t\u00eb rikthehen n\u00eb Parlament.<\/p>","protected":false},"excerpt":{"rendered":"<p>Asambleja Parlamentare e K\u00ebshillit t\u00eb Evrop\u00ebs, reagon lidhur me djegien e mandateve t\u00eb deputet\u00ebve prej opozit\u00ebs. Raportuesit p\u00ebr Shqip\u00ebrin\u00eb n\u00eb Asamblen\u00eb e KiE, Joseph O\u2019Reilly dhe Andrej Hunko, n\u00eb nj\u00eb deklarat\u00eb lidhur me situat\u00ebn n\u00eb vend, thon\u00eb se n\u00eb nj\u00eb shoq\u00ebri demokratike Parlamenti \u00ebsht\u00eb qendra e debatit politik. \u201cN\u00eb nj\u00eb shoq\u00ebri demokratike, Parlamenti \u00ebsht\u00eb qendra [&hellip;]<\/p>\n","protected":false},"author":4,"featured_media":69827,"comment_status":"open","ping_status":"closed","sticky":false,"template":"","format":"standard","meta":{"footnotes":""},"categories":[241,231,235],"tags":[],"class_list":{"0":"post-71127","1":"post","2":"type-post","3":"status-publish","4":"format-standard","5":"has-post-thumbnail","7":"category-aktualitet","8":"category-lajme","9":"category-vendi"},"_links":{"self":[{"href":"https:\/\/zjarr.tv\/en\/wp-json\/wp\/v2\/posts\/71127","targetHints":{"allow":["GET"]}}],"collection":[{"href":"https:\/\/zjarr.tv\/en\/wp-json\/wp\/v2\/posts"}],"about":[{"href":"https:\/\/zjarr.tv\/en\/wp-json\/wp\/v2\/types\/post"}],"author":[{"embeddable":true,"href":"https:\/\/zjarr.tv\/en\/wp-json\/wp\/v2\/users\/4"}],"replies":[{"embeddable":true,"href":"https:\/\/zjarr.tv\/en\/wp-json\/wp\/v2\/comments?post=71127"}],"version-history":[{"count":0,"href":"https:\/\/zjarr.tv\/en\/wp-json\/wp\/v2\/posts\/71127\/revisions"}],"wp:featuredmedia":[{"embeddable":true,"href":"https:\/\/zjarr.tv\/en\/wp-json\/wp\/v2\/media\/69827"}],"wp:attachment":[{"href":"https:\/\/zjarr.tv\/en\/wp-json\/wp\/v2\/media?parent=71127"}],"wp:term":[{"taxonomy":"category","embeddable":true,"href":"https:\/\/zjarr.tv\/en\/wp-json\/wp\/v2\/categories?post=71127"},{"taxonomy":"post_tag","embeddable":true,"href":"https:\/\/zjarr.tv\/en\/wp-json\/wp\/v2\/tags?post=71127"}],"curies":[{"name":"wp","href":"https:\/\/api.w.org\/{rel}","templated":true}]}}