{"id":71131,"date":"2019-02-26T14:56:09","date_gmt":"2019-02-26T13:56:09","guid":{"rendered":"https:\/\/zjarr.tv\/?p=71131"},"modified":"2019-02-26T14:56:09","modified_gmt":"2019-02-26T13:56:09","slug":"ps-kerkoi-te-mos-kandidohen-kryebashkiaket-me-nga-3-mandate-kqz-e-rrezon","status":"publish","type":"post","link":"https:\/\/zjarr.tv\/en\/ps-kerkoi-te-mos-kandidohen-kryebashkiaket-me-nga-3-mandate-kqz-e-rrezon\/","title":{"rendered":"PS k\u00ebrkoi t\u00eb mos kandidohen kryebashkiak\u00ebt me nga 3 mandate, KQZ e rr\u00ebzon"},"content":{"rendered":"<p>Komisioni Qendror i Zgjedhjeve ka rr\u00ebzuar k\u00ebrkes\u00ebn e Partis\u00eb Socialiste, lidhur me moskandidimin n\u00eb zgjedhjet e 30 qershorit, t\u00eb kryebashkiak\u00ebve t\u00eb cil\u00ebt i kan\u00eb ezauruar nga tre mandate.<\/p>\n<p>N\u00eb mbledhjen e sotme, KQZ rr\u00ebzoi k\u00ebrkes\u00ebn e PS, me kat\u00ebr vota, nd\u00ebrkoh\u00eb q\u00eb vet\u00ebm nj\u00eb ishte n\u00eb favor t\u00eb p\u00ebrjashtimit t\u00eb \u201ct\u00eb vjet\u00ebrve\u201d nga gara.<\/p>\n<p>Me k\u00ebrkes\u00ebn e b\u00ebr\u00eb PS, i mbyll de fakto mund\u00ebsin\u00eb e rikandidimit kryebashkiakut t\u00eb Durr\u00ebsit, Vangjush Dako dhe atij t\u00eb Elbasanit, Qzim Sejdini, t\u00eb cil\u00ebt i kan\u00eb ezauruar nga tre mandate.<\/p>\n<p>Nd\u00ebrkoh\u00eb n\u00eb radh\u00ebt e demokrat\u00ebve \u00ebsht\u00eb kryebashkiaku i Kamz\u00ebs, Xhelal Mziu ai q\u00eb mbyll mandatin e tret\u00eb.<\/p>\n<p>Propozimi i PS, vjen deklarat\u00ebs s\u00eb kryedemokratit Lulzim Basha i cili tha se po b\u00ebhet gati arrestimi i Vangjush Dakos.<\/p>","protected":false},"excerpt":{"rendered":"<p>Komisioni Qendror i Zgjedhjeve ka rr\u00ebzuar k\u00ebrkes\u00ebn e Partis\u00eb Socialiste, lidhur me moskandidimin n\u00eb zgjedhjet e 30 qershorit, t\u00eb kryebashkiak\u00ebve t\u00eb cil\u00ebt i kan\u00eb ezauruar nga tre mandate. N\u00eb mbledhjen e sotme, KQZ rr\u00ebzoi k\u00ebrkes\u00ebn e PS, me kat\u00ebr vota, nd\u00ebrkoh\u00eb q\u00eb vet\u00ebm nj\u00eb ishte n\u00eb favor t\u00eb p\u00ebrjashtimit t\u00eb \u201ct\u00eb vjet\u00ebrve\u201d nga gara. Me [&hellip;]<\/p>\n","protected":false},"author":4,"featured_media":0,"comment_status":"open","ping_status":"closed","sticky":false,"template":"","format":"standard","meta":{"footnotes":""},"categories":[241,231,235],"tags":[],"class_list":{"0":"post-71131","1":"post","2":"type-post","3":"status-publish","4":"format-standard","6":"category-aktualitet","7":"category-lajme","8":"category-vendi"},"_links":{"self":[{"href":"https:\/\/zjarr.tv\/en\/wp-json\/wp\/v2\/posts\/71131","targetHints":{"allow":["GET"]}}],"collection":[{"href":"https:\/\/zjarr.tv\/en\/wp-json\/wp\/v2\/posts"}],"about":[{"href":"https:\/\/zjarr.tv\/en\/wp-json\/wp\/v2\/types\/post"}],"author":[{"embeddable":true,"href":"https:\/\/zjarr.tv\/en\/wp-json\/wp\/v2\/users\/4"}],"replies":[{"embeddable":true,"href":"https:\/\/zjarr.tv\/en\/wp-json\/wp\/v2\/comments?post=71131"}],"version-history":[{"count":0,"href":"https:\/\/zjarr.tv\/en\/wp-json\/wp\/v2\/posts\/71131\/revisions"}],"wp:attachment":[{"href":"https:\/\/zjarr.tv\/en\/wp-json\/wp\/v2\/media?parent=71131"}],"wp:term":[{"taxonomy":"category","embeddable":true,"href":"https:\/\/zjarr.tv\/en\/wp-json\/wp\/v2\/categories?post=71131"},{"taxonomy":"post_tag","embeddable":true,"href":"https:\/\/zjarr.tv\/en\/wp-json\/wp\/v2\/tags?post=71131"}],"curies":[{"name":"wp","href":"https:\/\/api.w.org\/{rel}","templated":true}]}}