{"id":71176,"date":"2019-02-26T15:39:15","date_gmt":"2019-02-26T14:39:15","guid":{"rendered":"https:\/\/zjarr.tv\/?p=71176"},"modified":"2019-02-26T15:39:15","modified_gmt":"2019-02-26T14:39:15","slug":"frike-per-raste-dhune-makina-uji-dhe-efektive-policie-te-parlamenti","status":"publish","type":"post","link":"https:\/\/zjarr.tv\/en\/frike-per-raste-dhune-makina-uji-dhe-efektive-policie-te-parlamenti\/","title":{"rendered":"Frik\u00eb p\u00ebr raste dhune\/Makina uji dhe efektiv\u00eb policie te Parlamenti"},"content":{"rendered":"<p>Protesta e opozit\u00ebs ka v\u00ebn\u00eb n\u00eb l\u00ebvizje policin\u00eb. Furgon\u00eb t\u00eb policis\u00eb dhe dy makinat e ujit jan\u00eb futur brenda perimetrit t\u00eb Parlamentit.<\/p>\n<p>N\u00eb m\u00eb pak se dy or\u00eb para protest\u00ebs s\u00eb paralajm\u00ebruar para Parlamentit, Policia e Shtetit \u00ebsht\u00eb pozicionuar n\u00eb vendet strategjike, p\u00ebr t\u00eb shmangur \u00e7do incident t\u00eb mundsh\u00ebm.<\/p>\n<p>M\u00ebsohet se rreth 800 forca policie nga komisariatet e Tiran\u00ebs, do p\u00ebrb\u00ebjn\u00eb kordonin e siguris\u00eb p\u00ebrreth Parlamentit. N\u00eb gatishm\u00ebri do jen\u00eb edhe FNSH, si dhe forcat RENEA, n\u00eb rast se protestuesit do p\u00ebrplasen me policin\u00eb dhe do tentojn\u00eb t\u00eb \u00e7ajn\u00eb kordonin e siguris\u00eb.<\/p>\n<div class=\"comment_section block_section\"><\/div>","protected":false},"excerpt":{"rendered":"<p>Protesta e opozit\u00ebs ka v\u00ebn\u00eb n\u00eb l\u00ebvizje policin\u00eb. Furgon\u00eb t\u00eb policis\u00eb dhe dy makinat e ujit jan\u00eb futur brenda perimetrit t\u00eb Parlamentit. N\u00eb m\u00eb pak se dy or\u00eb para protest\u00ebs s\u00eb paralajm\u00ebruar para Parlamentit, Policia e Shtetit \u00ebsht\u00eb pozicionuar n\u00eb vendet strategjike, p\u00ebr t\u00eb shmangur \u00e7do incident t\u00eb mundsh\u00ebm. M\u00ebsohet se rreth 800 forca policie [&hellip;]<\/p>\n","protected":false},"author":4,"featured_media":0,"comment_status":"open","ping_status":"closed","sticky":false,"template":"","format":"standard","meta":{"footnotes":""},"categories":[241,231,235],"tags":[],"class_list":{"0":"post-71176","1":"post","2":"type-post","3":"status-publish","4":"format-standard","6":"category-aktualitet","7":"category-lajme","8":"category-vendi"},"_links":{"self":[{"href":"https:\/\/zjarr.tv\/en\/wp-json\/wp\/v2\/posts\/71176","targetHints":{"allow":["GET"]}}],"collection":[{"href":"https:\/\/zjarr.tv\/en\/wp-json\/wp\/v2\/posts"}],"about":[{"href":"https:\/\/zjarr.tv\/en\/wp-json\/wp\/v2\/types\/post"}],"author":[{"embeddable":true,"href":"https:\/\/zjarr.tv\/en\/wp-json\/wp\/v2\/users\/4"}],"replies":[{"embeddable":true,"href":"https:\/\/zjarr.tv\/en\/wp-json\/wp\/v2\/comments?post=71176"}],"version-history":[{"count":0,"href":"https:\/\/zjarr.tv\/en\/wp-json\/wp\/v2\/posts\/71176\/revisions"}],"wp:attachment":[{"href":"https:\/\/zjarr.tv\/en\/wp-json\/wp\/v2\/media?parent=71176"}],"wp:term":[{"taxonomy":"category","embeddable":true,"href":"https:\/\/zjarr.tv\/en\/wp-json\/wp\/v2\/categories?post=71176"},{"taxonomy":"post_tag","embeddable":true,"href":"https:\/\/zjarr.tv\/en\/wp-json\/wp\/v2\/tags?post=71176"}],"curies":[{"name":"wp","href":"https:\/\/api.w.org\/{rel}","templated":true}]}}