{"id":71181,"date":"2019-02-26T15:44:27","date_gmt":"2019-02-26T14:44:27","guid":{"rendered":"https:\/\/zjarr.tv\/?p=71181"},"modified":"2019-02-26T15:44:27","modified_gmt":"2019-02-26T14:44:27","slug":"kqz-rrezon-ps-ne-manja-e-cojme-ne-kolegj-te-vjetrit-te-hapin-krahun","status":"publish","type":"post","link":"https:\/\/zjarr.tv\/en\/kqz-rrezon-ps-ne-manja-e-cojme-ne-kolegj-te-vjetrit-te-hapin-krahun\/","title":{"rendered":"KQZ rr\u00ebzon PS-n\u00eb, Manja: E \u00e7ojm\u00eb n\u00eb Kolegj, t\u00eb vjetrit t\u00eb \u2018hapin krahun\u2019"},"content":{"rendered":"<p>Komisioni Qendror i Zgjedhjeve rr\u00ebzoi sot propozimin e Partis\u00eb Socialiste p\u00ebr kufizimin deri n\u00eb tre mandate t\u00eb kryetar\u00ebve t\u00eb bashkive.<\/p>\n<p>Lidhur me k\u00ebt\u00eb vendim, ka folur Kreu i Komisionit t\u00eb Ligjeve, Ulsi Manja foli n\u00eb rubrik\u00ebn \u201cOpinion\u201d n\u00eb News 24, ku tha se k\u00ebt\u00eb \u00e7\u00ebshtje Partia Socialiste do ta \u00e7oj\u00eb n\u00eb Kolegjin Zgjedhor.<\/p>\n<p>Madje, Manja tha se t\u00eb vjetrit duhet t\u00eb hapin \u201ckrahun\u201d p\u00ebr element\u00eb t\u00eb rinj.<\/p>\n<p><em>\u201cQ\u00ebndrimi yn\u00eb \u00ebsht\u00eb i qart\u00eb si PS. Mesa duket n\u00eb KQZ nuk ka pasur mb\u00ebshtetjen e duhur pasi duhen 5:2 votat. Por ne patjet\u00ebr q\u00eb do ta \u00e7ojm\u00eb n\u00eb Kolegj propozimin ton\u00eb.<\/em><\/p>\n<p><em>Ne jemi p\u00ebr t\u00eb zbatuar ligjin p\u00ebr pushtetin vendor dhe \u00ebsht\u00eb krejt normale, q\u00eb nj\u00eb kryetar bashkie q\u00eb ka qeveris\u00eb p\u00ebr m\u00eb shum\u00eb se 12 vite, pse jo ti hapet rruga promovimit t\u00eb figurave t\u00eb reja\u201d,<\/em>\u00a0tha ai.<\/p>\n<p>M\u00eb propozimin e Partis\u00eb Socialiste, do t\u00eb largohej Dako dhe Sejdini nga PS si dhe Mziu nga PD, duke l\u00ebn\u00eb p\u00ebrfundimisht mandatet si kryetar bashkie, teksa jan\u00eb n\u00eb p\u00ebrfundimin e mandateve t\u00eb treta t\u00eb tyre.<span style=\"font-size: 12.0pt;line-height: 115%;font-family: 'Times New Roman','serif';color: windowtext\">\u00a0<\/span><\/p>","protected":false},"excerpt":{"rendered":"<p>Komisioni Qendror i Zgjedhjeve rr\u00ebzoi sot propozimin e Partis\u00eb Socialiste p\u00ebr kufizimin deri n\u00eb tre mandate t\u00eb kryetar\u00ebve t\u00eb bashkive. Lidhur me k\u00ebt\u00eb vendim, ka folur Kreu i Komisionit t\u00eb Ligjeve, Ulsi Manja foli n\u00eb rubrik\u00ebn \u201cOpinion\u201d n\u00eb News 24, ku tha se k\u00ebt\u00eb \u00e7\u00ebshtje Partia Socialiste do ta \u00e7oj\u00eb n\u00eb Kolegjin Zgjedhor. Madje, Manja [&hellip;]<\/p>\n","protected":false},"author":4,"featured_media":0,"comment_status":"open","ping_status":"closed","sticky":false,"template":"","format":"standard","meta":{"footnotes":""},"categories":[241,231,235],"tags":[],"class_list":{"0":"post-71181","1":"post","2":"type-post","3":"status-publish","4":"format-standard","6":"category-aktualitet","7":"category-lajme","8":"category-vendi"},"_links":{"self":[{"href":"https:\/\/zjarr.tv\/en\/wp-json\/wp\/v2\/posts\/71181","targetHints":{"allow":["GET"]}}],"collection":[{"href":"https:\/\/zjarr.tv\/en\/wp-json\/wp\/v2\/posts"}],"about":[{"href":"https:\/\/zjarr.tv\/en\/wp-json\/wp\/v2\/types\/post"}],"author":[{"embeddable":true,"href":"https:\/\/zjarr.tv\/en\/wp-json\/wp\/v2\/users\/4"}],"replies":[{"embeddable":true,"href":"https:\/\/zjarr.tv\/en\/wp-json\/wp\/v2\/comments?post=71181"}],"version-history":[{"count":0,"href":"https:\/\/zjarr.tv\/en\/wp-json\/wp\/v2\/posts\/71181\/revisions"}],"wp:attachment":[{"href":"https:\/\/zjarr.tv\/en\/wp-json\/wp\/v2\/media?parent=71181"}],"wp:term":[{"taxonomy":"category","embeddable":true,"href":"https:\/\/zjarr.tv\/en\/wp-json\/wp\/v2\/categories?post=71181"},{"taxonomy":"post_tag","embeddable":true,"href":"https:\/\/zjarr.tv\/en\/wp-json\/wp\/v2\/tags?post=71181"}],"curies":[{"name":"wp","href":"https:\/\/api.w.org\/{rel}","templated":true}]}}