{"id":71190,"date":"2019-02-26T15:46:12","date_gmt":"2019-02-26T14:46:12","guid":{"rendered":"https:\/\/zjarr.tv\/?p=71190"},"modified":"2019-02-27T10:50:33","modified_gmt":"2019-02-27T09:50:33","slug":"pdiu-i-bashkohet-protestes-para-kuvendit","status":"publish","type":"post","link":"https:\/\/zjarr.tv\/en\/pdiu-i-bashkohet-protestes-para-kuvendit\/","title":{"rendered":"PDIU i bashkohet protest\u00ebs para Kuvendit"},"content":{"rendered":"<p>Sikund\u00ebr u njoftua m\u00eb her\u00ebt, opozita e bashkuar pritet q\u00eb n\u00eb or\u00ebn 16:30 t\u00eb zhvilloj\u00eb protest\u00eb para Kuvendit. PD e LSI kan\u00eb lajm\u00ebruar se do ket\u00eb pjes\u00ebmarrje masive, e nd\u00ebrsa thirrjes i \u00ebsht\u00eb bashkuar edhe PDIU.<\/p>\n<p>Me njoftim p\u00ebr mediat, PDIU i b\u00ebn thirrje t\u00eb gjith\u00eb simpatizant\u00ebve dhe qytetar\u00ebve, t\u00eb bashkohen me opozit\u00ebn n\u00eb protest\u00ebn n\u00eb or\u00ebn 16:30 para Parlamentit.<\/p>\n<p>\u2018PDIU fton dhe u b\u00ebn thirrje t\u00eb gjith\u00eb simpatizant\u00ebve dhe qytetar\u00ebve, t\u00eb bashkohen me opozit\u00ebn n\u00eb protest\u00ebn n\u00eb or\u00ebn 16:30 para Parlamentit. Ju k\u00ebrkojm\u00eb ndjes\u00eb p\u00ebr koh\u00ebn e shkurt\u00ebr, por Rilindasve asnj\u00ebher\u00eb nuk iu dihet kur mblidhen n\u00eb ilegalitet.\u2019<\/p>\n<p>&nbsp;<\/p>","protected":false},"excerpt":{"rendered":"<p>Sikund\u00ebr u njoftua m\u00eb her\u00ebt, opozita e bashkuar pritet q\u00eb n\u00eb or\u00ebn 16:30 t\u00eb zhvilloj\u00eb protest\u00eb para Kuvendit. PD e LSI kan\u00eb lajm\u00ebruar se do ket\u00eb pjes\u00ebmarrje masive, e nd\u00ebrsa thirrjes i \u00ebsht\u00eb bashkuar edhe PDIU. Me njoftim p\u00ebr mediat, PDIU i b\u00ebn thirrje t\u00eb gjith\u00eb simpatizant\u00ebve dhe qytetar\u00ebve, t\u00eb bashkohen me opozit\u00ebn n\u00eb protest\u00ebn [&hellip;]<\/p>\n","protected":false},"author":4,"featured_media":0,"comment_status":"open","ping_status":"closed","sticky":false,"template":"","format":"standard","meta":{"footnotes":""},"categories":[241,231,235],"tags":[],"class_list":{"0":"post-71190","1":"post","2":"type-post","3":"status-publish","4":"format-standard","6":"category-aktualitet","7":"category-lajme","8":"category-vendi"},"_links":{"self":[{"href":"https:\/\/zjarr.tv\/en\/wp-json\/wp\/v2\/posts\/71190","targetHints":{"allow":["GET"]}}],"collection":[{"href":"https:\/\/zjarr.tv\/en\/wp-json\/wp\/v2\/posts"}],"about":[{"href":"https:\/\/zjarr.tv\/en\/wp-json\/wp\/v2\/types\/post"}],"author":[{"embeddable":true,"href":"https:\/\/zjarr.tv\/en\/wp-json\/wp\/v2\/users\/4"}],"replies":[{"embeddable":true,"href":"https:\/\/zjarr.tv\/en\/wp-json\/wp\/v2\/comments?post=71190"}],"version-history":[{"count":0,"href":"https:\/\/zjarr.tv\/en\/wp-json\/wp\/v2\/posts\/71190\/revisions"}],"wp:attachment":[{"href":"https:\/\/zjarr.tv\/en\/wp-json\/wp\/v2\/media?parent=71190"}],"wp:term":[{"taxonomy":"category","embeddable":true,"href":"https:\/\/zjarr.tv\/en\/wp-json\/wp\/v2\/categories?post=71190"},{"taxonomy":"post_tag","embeddable":true,"href":"https:\/\/zjarr.tv\/en\/wp-json\/wp\/v2\/tags?post=71190"}],"curies":[{"name":"wp","href":"https:\/\/api.w.org\/{rel}","templated":true}]}}