{"id":71205,"date":"2019-02-26T18:32:48","date_gmt":"2019-02-26T17:32:48","guid":{"rendered":"https:\/\/zjarr.tv\/?p=71205"},"modified":"2019-02-26T18:32:48","modified_gmt":"2019-02-26T17:32:48","slug":"protestuesit-tentojne-te-cajne-serish-policine-tension-tek-parlamenti","status":"publish","type":"post","link":"https:\/\/zjarr.tv\/en\/protestuesit-tentojne-te-cajne-serish-policine-tension-tek-parlamenti\/","title":{"rendered":"Protestuesit tentojn\u00eb t\u00eb \u00e7ajn\u00eb s\u00ebrish policin\u00eb, tension tek parlamenti"},"content":{"rendered":"<p>Tensione e shashka tek parlamenti. Protestuesit kan\u00eb tentuar t\u00eb \u00e7ajn\u00eb radh\u00ebt e policis\u00eb s\u00ebrish dhe kan\u00eb hedhur her\u00eb pas here tymuese e bidona drejt policis\u00eb. Mes policis\u00eb dhe protestuesve ndodhen ish-deputet\u00ebt Flamur Noka dhe Klevis Balliu. Qytetar\u00eb t\u00eb shumt\u00eb e mb\u00ebshtet\u00ebs t\u00eb opozit\u00ebs jan\u00eb vendosur n\u00eb dy hyrjet e parlamentit, ku kan\u00eb kaluar deputet\u00ebt e maxhoranc\u00ebs. Ata kan\u00eb l\u00ebshuar thirrje \u201cParlament i krimit\u201d, \u201cRama ik!\u201d, \u201cLiri demokraci\u201d, \u201cK\u00ebtu vendosim ne\u201d. Mes protestuesve jan\u00eb edhe kreu i PD-s\u00eb Lulzim Basha, ish-kryeministri Sali Berisha, kryetarja e LSI-s\u00eb Monika Kryemadhi si dhe p\u00ebrfaq\u00ebsues t\u00eb tjer\u00eb politik\u00eb t\u00eb opozit\u00ebs. Nd\u00ebrkoh\u00eb brenda parlamentit vijon seanca plenare. Ndon\u00ebse nuk ka tel me gjemba, masa t\u00eb shumta sigurie jan\u00eb marr\u00eb nga forcat e rendit t\u00eb cilat jan\u00eb vendosur n\u00eb disa radh\u00eb.<\/p>","protected":false},"excerpt":{"rendered":"<p>Tensione e shashka tek parlamenti. Protestuesit kan\u00eb tentuar t\u00eb \u00e7ajn\u00eb radh\u00ebt e policis\u00eb s\u00ebrish dhe kan\u00eb hedhur her\u00eb pas here tymuese e bidona drejt policis\u00eb. Mes policis\u00eb dhe protestuesve ndodhen ish-deputet\u00ebt Flamur Noka dhe Klevis Balliu. Qytetar\u00eb t\u00eb shumt\u00eb e mb\u00ebshtet\u00ebs t\u00eb opozit\u00ebs jan\u00eb vendosur n\u00eb dy hyrjet e parlamentit, ku kan\u00eb kaluar deputet\u00ebt e [&hellip;]<\/p>\n","protected":false},"author":2013,"featured_media":69850,"comment_status":"open","ping_status":"closed","sticky":false,"template":"","format":"standard","meta":{"footnotes":""},"categories":[241,235],"tags":[],"class_list":{"0":"post-71205","1":"post","2":"type-post","3":"status-publish","4":"format-standard","5":"has-post-thumbnail","7":"category-aktualitet","8":"category-vendi"},"_links":{"self":[{"href":"https:\/\/zjarr.tv\/en\/wp-json\/wp\/v2\/posts\/71205","targetHints":{"allow":["GET"]}}],"collection":[{"href":"https:\/\/zjarr.tv\/en\/wp-json\/wp\/v2\/posts"}],"about":[{"href":"https:\/\/zjarr.tv\/en\/wp-json\/wp\/v2\/types\/post"}],"author":[{"embeddable":true,"href":"https:\/\/zjarr.tv\/en\/wp-json\/wp\/v2\/users\/2013"}],"replies":[{"embeddable":true,"href":"https:\/\/zjarr.tv\/en\/wp-json\/wp\/v2\/comments?post=71205"}],"version-history":[{"count":0,"href":"https:\/\/zjarr.tv\/en\/wp-json\/wp\/v2\/posts\/71205\/revisions"}],"wp:featuredmedia":[{"embeddable":true,"href":"https:\/\/zjarr.tv\/en\/wp-json\/wp\/v2\/media\/69850"}],"wp:attachment":[{"href":"https:\/\/zjarr.tv\/en\/wp-json\/wp\/v2\/media?parent=71205"}],"wp:term":[{"taxonomy":"category","embeddable":true,"href":"https:\/\/zjarr.tv\/en\/wp-json\/wp\/v2\/categories?post=71205"},{"taxonomy":"post_tag","embeddable":true,"href":"https:\/\/zjarr.tv\/en\/wp-json\/wp\/v2\/tags?post=71205"}],"curies":[{"name":"wp","href":"https:\/\/api.w.org\/{rel}","templated":true}]}}