{"id":71207,"date":"2019-02-26T18:35:45","date_gmt":"2019-02-26T17:35:45","guid":{"rendered":"https:\/\/zjarr.tv\/?p=71207"},"modified":"2019-02-26T18:35:45","modified_gmt":"2019-02-26T17:35:45","slug":"vasili-nuk-u-shpeton-as-fustani-i-rucit-dhe-as-brekushet-e-rames","status":"publish","type":"post","link":"https:\/\/zjarr.tv\/en\/vasili-nuk-u-shpeton-as-fustani-i-rucit-dhe-as-brekushet-e-rames\/","title":{"rendered":"Vasili: Nuk u shp\u00ebton as fustani i Ru\u00e7it dhe as brekushet e Ram\u00ebs"},"content":{"rendered":"<p>Kreu i grupit parlamentar t\u00eb LSI-s\u00eb, Petrit Vasili, ishte i ashp\u00ebr n\u00eb deklaratat e tij para protestuesve t\u00eb mbledhur para Kuvendit.<\/p>\n<p>Duke ju referuar deputet\u00ebve t\u00eb mazhoranc\u00ebs,Vasili tha se ata jan\u00eb fshehur n\u00eb Kuvend si minj, por shtoi se as fustani i Gramoz Ru\u00e7it dhe as brekushet e kryeministrit Rama nuk i shp\u00ebtojn\u00eb dot nga populli.<\/p>\n<p><em>Vasili:\u00a0K\u00ebtu \u00ebsht\u00eb populli atje jan\u00eb minjt\u00eb, jan\u00eb mbledhur si minj dhe duhet t\u00eb dalin si minj. Po i presim. \u00c7far\u00eb do t\u00eb b\u00ebjn\u00eb, do t\u00eb flen\u00eb aty? K\u00ebtu do t\u00eb kalojn\u00eb, por k\u00ebtu nuk do t\u00eb kalojn\u00eb dot. Se k\u00ebtu \u00ebsht\u00eb populli, k\u00ebta i jan\u00eb fshehur popullit, t\u00eb fshehur pas fustanit t\u00eb Gramoz Ru\u00e7it.As te fustani i Gramoz Ru\u00e7it, as te brekushet e Edi Ram\u00ebs nuk i shp\u00ebton dot njeri.Te brekushet e Edi Ram\u00ebs q\u00eb jan\u00eb ashtu me er\u00eb si\u00e7 i dini.Sot \u00ebsht\u00eb dita q\u00eb populli t\u00eb thot\u00eb fjal\u00ebn e tij dhe do ta pastroj\u00eb at\u00eb parlament nga ata minj q\u00eb e kan\u00eb qelbur dhe e kan\u00eb ndyr\u00eb.Aty do t\u00eb jet\u00eb vendi i fjal\u00ebs s\u00eb lir\u00eb, vendi i fjal\u00ebs s\u00eb popullit dhe jo vendi i atyre q\u00eb e b\u00ebn\u00eb pis at\u00eb parlament. Asnj\u00eb hap pas derisa Edi Rama jo t\u00eb ik\u00eb por t\u00eb shporret. Edi shporru!<\/em><\/p>\n<p>&nbsp;<\/p>","protected":false},"excerpt":{"rendered":"<p>Kreu i grupit parlamentar t\u00eb LSI-s\u00eb, Petrit Vasili, ishte i ashp\u00ebr n\u00eb deklaratat e tij para protestuesve t\u00eb mbledhur para Kuvendit. Duke ju referuar deputet\u00ebve t\u00eb mazhoranc\u00ebs,Vasili tha se ata jan\u00eb fshehur n\u00eb Kuvend si minj, por shtoi se as fustani i Gramoz Ru\u00e7it dhe as brekushet e kryeministrit Rama nuk i shp\u00ebtojn\u00eb dot nga [&hellip;]<\/p>\n","protected":false},"author":2013,"featured_media":0,"comment_status":"open","ping_status":"closed","sticky":false,"template":"","format":"standard","meta":{"footnotes":""},"categories":[241,235],"tags":[],"class_list":{"0":"post-71207","1":"post","2":"type-post","3":"status-publish","4":"format-standard","6":"category-aktualitet","7":"category-vendi"},"_links":{"self":[{"href":"https:\/\/zjarr.tv\/en\/wp-json\/wp\/v2\/posts\/71207","targetHints":{"allow":["GET"]}}],"collection":[{"href":"https:\/\/zjarr.tv\/en\/wp-json\/wp\/v2\/posts"}],"about":[{"href":"https:\/\/zjarr.tv\/en\/wp-json\/wp\/v2\/types\/post"}],"author":[{"embeddable":true,"href":"https:\/\/zjarr.tv\/en\/wp-json\/wp\/v2\/users\/2013"}],"replies":[{"embeddable":true,"href":"https:\/\/zjarr.tv\/en\/wp-json\/wp\/v2\/comments?post=71207"}],"version-history":[{"count":0,"href":"https:\/\/zjarr.tv\/en\/wp-json\/wp\/v2\/posts\/71207\/revisions"}],"wp:attachment":[{"href":"https:\/\/zjarr.tv\/en\/wp-json\/wp\/v2\/media?parent=71207"}],"wp:term":[{"taxonomy":"category","embeddable":true,"href":"https:\/\/zjarr.tv\/en\/wp-json\/wp\/v2\/categories?post=71207"},{"taxonomy":"post_tag","embeddable":true,"href":"https:\/\/zjarr.tv\/en\/wp-json\/wp\/v2\/tags?post=71207"}],"curies":[{"name":"wp","href":"https:\/\/api.w.org\/{rel}","templated":true}]}}