{"id":71209,"date":"2019-02-26T18:37:48","date_gmt":"2019-02-26T17:37:48","guid":{"rendered":"https:\/\/zjarr.tv\/?p=71209"},"modified":"2019-02-26T18:37:48","modified_gmt":"2019-02-26T17:37:48","slug":"kryemadhi-rrethojme-parlamentin-deri-ne-rrezimin-e-rames","status":"publish","type":"post","link":"https:\/\/zjarr.tv\/en\/kryemadhi-rrethojme-parlamentin-deri-ne-rrezimin-e-rames\/","title":{"rendered":"Kryemadhi: Rrethojm\u00eb parlamentin deri n\u00eb rr\u00ebzimin e Ram\u00ebs"},"content":{"rendered":"<p>Monika Kryemadhi sulmoi kryeministrin Rama nga protesta e opozit\u00ebs para parlamentit. Kryetarja e LSI tha se ky parlament q\u00eb \u00ebsht\u00eb krenaria e Ram\u00ebs, \u00ebsht\u00eb dhe do t\u00eb\u00a0 jet\u00eb turp i shqiptar\u00ebve. Ajo shtoi se opozita zgjodhi t\u00eb jet\u00eb me popullin, nd\u00ebrsa Rama sot \u00ebsht\u00eb i vet\u00ebm.<\/p>\n<p>&nbsp;<\/p>\n<p><strong>Hajdut\u00ebt kan\u00eb frik\u00eb dhe sot frikacak\u00ebt p\u00ebrdhos\u00ebn p\u00ebr t\u00eb disat\u00ebn her\u00eb selin\u00eb e Kuvendit, selin\u00eb e atij Kuvendi ku p\u00ebr hir t\u00eb s\u00eb v\u00ebrtet\u00ebs parlamentar\u00ebt nuk kan\u00eb frik\u00eb nga populli i tyre, por p\u00ebrkundrazi, e p\u00ebrfaq\u00ebsojn\u00eb at\u00eb. Ata sot treguan edhe nj\u00ebher\u00eb q\u00eb nuk jan\u00eb p\u00ebrfaq\u00ebsues t\u00eb popullit. Ata treguan edhe nj\u00ebher\u00eb q\u00eb jan\u00eb p\u00ebrfaq\u00ebsues t\u00eb Avdylajve, Bajrave, Habilajve dhe kriminel\u00ebve, q\u00eb jo vet\u00ebm vodh\u00ebn, k\u00ebrc\u00ebnuan shqiptar\u00ebt, por edhe i varf\u00ebruan ata. Ai Parlament ku sot kan\u00eb m\u00eb shum\u00eb se kat\u00ebr or\u00eb q\u00eb jan\u00eb ngujuar deputet\u00ebt nga frika, sot tregon edhe nj\u00ebher\u00eb q\u00eb \u00ebsht\u00eb parlamenti q\u00eb punon vet\u00ebm p\u00ebr pes\u00eb veta. Ai parlament sot tregoi edhe nj\u00ebher\u00eb q\u00eb n\u00eb thelbin e zemr\u00ebs s\u00eb tyre nuk ekziston respekti dhe dashuria p\u00ebr votuesit e tyre socialist\u00eb, por ekziston vet\u00ebm dashuria p\u00ebr Vangjushin dhe p\u00ebr gjith\u00eb kriminel\u00ebt e tjer\u00eb, q\u00eb p\u00ebrdor\u00ebn parat\u00eb e drog\u00ebs p\u00ebr t\u00eb b\u00ebr\u00eb Edi Ram\u00ebn kryeminist\u00ebr t\u00eb Narkoshtetit. Nuk ngelet gj\u00eb tjet\u00ebr p\u00ebr t\u00eb th\u00ebn\u00eb; Rama ik.<\/strong><\/p>\n<p><strong>\u00a0<\/strong><\/p>\n<p>Kryemadhi shtoi se ata q\u00eb ndodhen n\u00eb sall\u00ebn e kuvendit nuk jan\u00eb p\u00ebrfaq\u00ebsues t\u00eb popullit por p\u00ebrfaq\u00ebsues t\u00eb bandave kriminalev, t\u00eb Avdylajve, Bajrave etj.<\/p>\n<p>&nbsp;<\/p>\n<p>&nbsp;<\/p>\n<p><strong>Ai parlament i cili sot \u00ebsht\u00eb krenaria e Edi Ram\u00ebs \u00ebsht\u00eb dhe do t\u00eb jet\u00eb gjith\u00eb jet\u00ebn turp i shqiptar\u00ebve. Do t\u00eb jet\u00eb turp i shqiptar\u00ebve, ashtu si\u00e7 kan\u00eb qen\u00eb vendimet m\u00eb t\u00eb turpshme q\u00eb her\u00eb pas her\u00eb ka pasur n\u00eb historin\u00eb e Shqip\u00ebris\u00eb dhe i kan\u00eb kushtuar asaj. I kan\u00eb kushtuar p\u00ebr lirin\u00eb dhe demokracin\u00eb e saj. Motra dhe v\u00ebllez\u00ebr. Sot nga ky shesh ju drejtohem atyre socialist\u00ebve t\u00eb ndersh\u00ebm, t\u00eb cil\u00ebt sot vuajn\u00eb sot nj\u00ebsoj si ju, q\u00eb jan\u00eb papun\u00eb, q\u00eb kan\u00eb falimentuar bizneset e tyre nga taksat e larta, q\u00eb u jan\u00eb larguar f\u00ebmij\u00ebt e tyre n\u00eb emigracion p\u00ebr nj\u00eb vend pune m\u00eb t\u00eb mir\u00eb, p\u00ebr t\u00eb gjith\u00eb ato n\u00ebna dhe baballar\u00eb, t\u00eb gjith\u00eb ata shqiptar\u00eb t\u00eb cil\u00ebt ndjejn\u00eb \u00e7do dit\u00eb e m\u00eb shum\u00eb mund\u00ebsit\u00eb p\u00ebr t\u00eb shkolluar e p\u00ebr ti rritur f\u00ebmij\u00ebt e tyre e kan\u00eb \u00e7do dit\u00eb e m\u00eb t\u00eb pak\u00ebt. Prandaj sot prezenca jon\u00eb nuk \u00ebsht\u00eb vet\u00ebm p\u00ebr sot. Por do t\u00eb jet\u00eb \u00e7do dit\u00eb. Do t\u00eb jet\u00eb \u00e7do dit\u00eb dhe n\u00eb \u00e7do moment, q\u00eb ajo seli e parlamentit e cila n\u00eb \u00e7do moment ka qen\u00eb foltorja e fjal\u00ebs s\u00eb lir\u00eb n\u00eb k\u00ebto 27 vjet, nuk do t\u00eb jet\u00eb e lir\u00eb nga rrethimi q\u00eb populli do ti b\u00ebj\u00eb asaj, sa her\u00eb q\u00eb ata do t\u00eb duan t\u00eb b\u00ebjn\u00eb seancat e krimit t\u00eb organizuar n\u00eb at\u00eb parlament. Sinqerisht me dor\u00eb n\u00eb zem\u00ebr po ju them edhe dy fjal\u00eb. Sot m\u00eb shum\u00eb se kurr\u00eb misioni i politik\u00ebs \u00ebsht\u00eb q\u00eb t\u00eb largoj\u00eb k\u00ebt\u00eb fenomen vras\u00ebs t\u00eb shpres\u00ebs t\u00eb shqiptar\u00ebve. Ky fenomen e ka emrin Edi Rama, por po ju them edhe nj\u00eb gj\u00eb tjet\u00ebr. Ne zgjodh\u00ebm t\u00eb ishim si ju, ne zgjodh\u00ebm t\u00eb dilnim n\u00eb shesh si ju, ne zgjodh\u00ebm t\u00eb l\u00ebm\u00eb \u00e7do gj\u00eb p\u00ebr t\u00eb treguar q\u00eb Edi Rama \u00ebsht\u00eb vet\u00ebm dhe sot ai \u00ebsht\u00eb vet\u00ebm. Edhe pse ka disa deputet\u00eb aty brenda, pjes\u00ebn m\u00eb t\u00eb madhe i ka kundra.<\/strong><\/p>\n<p>&nbsp;<\/p>","protected":false},"excerpt":{"rendered":"<p>Monika Kryemadhi sulmoi kryeministrin Rama nga protesta e opozit\u00ebs para parlamentit. Kryetarja e LSI tha se ky parlament q\u00eb \u00ebsht\u00eb krenaria e Ram\u00ebs, \u00ebsht\u00eb dhe do t\u00eb\u00a0 jet\u00eb turp i shqiptar\u00ebve. Ajo shtoi se opozita zgjodhi t\u00eb jet\u00eb me popullin, nd\u00ebrsa Rama sot \u00ebsht\u00eb i vet\u00ebm. &nbsp; Hajdut\u00ebt kan\u00eb frik\u00eb dhe sot frikacak\u00ebt p\u00ebrdhos\u00ebn p\u00ebr [&hellip;]<\/p>\n","protected":false},"author":2013,"featured_media":51800,"comment_status":"open","ping_status":"closed","sticky":false,"template":"","format":"standard","meta":{"footnotes":""},"categories":[241,235],"tags":[],"class_list":{"0":"post-71209","1":"post","2":"type-post","3":"status-publish","4":"format-standard","5":"has-post-thumbnail","7":"category-aktualitet","8":"category-vendi"},"_links":{"self":[{"href":"https:\/\/zjarr.tv\/en\/wp-json\/wp\/v2\/posts\/71209","targetHints":{"allow":["GET"]}}],"collection":[{"href":"https:\/\/zjarr.tv\/en\/wp-json\/wp\/v2\/posts"}],"about":[{"href":"https:\/\/zjarr.tv\/en\/wp-json\/wp\/v2\/types\/post"}],"author":[{"embeddable":true,"href":"https:\/\/zjarr.tv\/en\/wp-json\/wp\/v2\/users\/2013"}],"replies":[{"embeddable":true,"href":"https:\/\/zjarr.tv\/en\/wp-json\/wp\/v2\/comments?post=71209"}],"version-history":[{"count":0,"href":"https:\/\/zjarr.tv\/en\/wp-json\/wp\/v2\/posts\/71209\/revisions"}],"wp:featuredmedia":[{"embeddable":true,"href":"https:\/\/zjarr.tv\/en\/wp-json\/wp\/v2\/media\/51800"}],"wp:attachment":[{"href":"https:\/\/zjarr.tv\/en\/wp-json\/wp\/v2\/media?parent=71209"}],"wp:term":[{"taxonomy":"category","embeddable":true,"href":"https:\/\/zjarr.tv\/en\/wp-json\/wp\/v2\/categories?post=71209"},{"taxonomy":"post_tag","embeddable":true,"href":"https:\/\/zjarr.tv\/en\/wp-json\/wp\/v2\/tags?post=71209"}],"curies":[{"name":"wp","href":"https:\/\/api.w.org\/{rel}","templated":true}]}}