{"id":71220,"date":"2019-02-26T18:49:14","date_gmt":"2019-02-26T17:49:14","guid":{"rendered":"https:\/\/zjarr.tv\/?p=71220"},"modified":"2019-02-26T18:49:14","modified_gmt":"2019-02-26T17:49:14","slug":"stresi-akuzohet-per-armembajtje-pa-leje-prokuroria-mbyll-hetimet","status":"publish","type":"post","link":"https:\/\/zjarr.tv\/en\/stresi-akuzohet-per-armembajtje-pa-leje-prokuroria-mbyll-hetimet\/","title":{"rendered":"\u201cStresi\u201d akuzohet p\u00ebr arm\u00ebmbajtje pa leje, prokuroria mbyll hetimet"},"content":{"rendered":"<p>Prokuroria e Tiran\u00ebs p\u00ebrfundon hetimet p\u00ebr k\u00ebng\u00ebtarin Arkimed Lushaj, i njohur ndryshe si \u201cStresi\u201d, duke k\u00ebrkuar faj\u00ebsin\u00eb e tij vet\u00ebm p\u00ebr arm\u00ebmbajtje pa leje. Stresi u arrestua n\u00eb tetor t\u00eb vitit t\u00eb kaluar. Emri i tij doli n\u00eb p\u00ebrgjimet e grupit t\u00eb Bajrave nga Shkodra, duke u k\u00ebrkuar ndihm\u00eb p\u00ebr tu larguar jasht\u00eb vendit, pasi kishte dyshime se ndiqej nga policia p\u00ebr nj\u00eb pistolet\u00eb q\u00eb e kishte hedhur pran\u00eb gjimnazit \u201cPartizani\u201d. N\u00eb momentin e arrestimit, atij ju gjet edhe nj\u00eb pistolet\u00eb. Nd\u00ebrsa p\u00ebrsa i p\u00ebrket akuz\u00ebs s\u00eb trafikut t\u00eb drog\u00ebs dhe grupit t\u00eb strukturuar kriminal, prokurori Ardian Braho nuk gjeti prova per te faktuar dyshimet e ngritura ndaj tij.<\/p>\n<p>&nbsp;<\/p>","protected":false},"excerpt":{"rendered":"<p>Prokuroria e Tiran\u00ebs p\u00ebrfundon hetimet p\u00ebr k\u00ebng\u00ebtarin Arkimed Lushaj, i njohur ndryshe si \u201cStresi\u201d, duke k\u00ebrkuar faj\u00ebsin\u00eb e tij vet\u00ebm p\u00ebr arm\u00ebmbajtje pa leje. Stresi u arrestua n\u00eb tetor t\u00eb vitit t\u00eb kaluar. Emri i tij doli n\u00eb p\u00ebrgjimet e grupit t\u00eb Bajrave nga Shkodra, duke u k\u00ebrkuar ndihm\u00eb p\u00ebr tu larguar jasht\u00eb vendit, pasi [&hellip;]<\/p>\n","protected":false},"author":2013,"featured_media":0,"comment_status":"open","ping_status":"closed","sticky":false,"template":"","format":"standard","meta":{"footnotes":""},"categories":[241,235],"tags":[],"class_list":{"0":"post-71220","1":"post","2":"type-post","3":"status-publish","4":"format-standard","6":"category-aktualitet","7":"category-vendi"},"_links":{"self":[{"href":"https:\/\/zjarr.tv\/en\/wp-json\/wp\/v2\/posts\/71220","targetHints":{"allow":["GET"]}}],"collection":[{"href":"https:\/\/zjarr.tv\/en\/wp-json\/wp\/v2\/posts"}],"about":[{"href":"https:\/\/zjarr.tv\/en\/wp-json\/wp\/v2\/types\/post"}],"author":[{"embeddable":true,"href":"https:\/\/zjarr.tv\/en\/wp-json\/wp\/v2\/users\/2013"}],"replies":[{"embeddable":true,"href":"https:\/\/zjarr.tv\/en\/wp-json\/wp\/v2\/comments?post=71220"}],"version-history":[{"count":0,"href":"https:\/\/zjarr.tv\/en\/wp-json\/wp\/v2\/posts\/71220\/revisions"}],"wp:attachment":[{"href":"https:\/\/zjarr.tv\/en\/wp-json\/wp\/v2\/media?parent=71220"}],"wp:term":[{"taxonomy":"category","embeddable":true,"href":"https:\/\/zjarr.tv\/en\/wp-json\/wp\/v2\/categories?post=71220"},{"taxonomy":"post_tag","embeddable":true,"href":"https:\/\/zjarr.tv\/en\/wp-json\/wp\/v2\/tags?post=71220"}],"curies":[{"name":"wp","href":"https:\/\/api.w.org\/{rel}","templated":true}]}}