{"id":71222,"date":"2019-02-26T18:50:52","date_gmt":"2019-02-26T17:50:52","guid":{"rendered":"https:\/\/zjarr.tv\/?p=71222"},"modified":"2019-02-26T18:50:52","modified_gmt":"2019-02-26T17:50:52","slug":"basha-kendon-ejani-mblidhuni-ketu-ketu","status":"publish","type":"post","link":"https:\/\/zjarr.tv\/en\/basha-kendon-ejani-mblidhuni-ketu-ketu\/","title":{"rendered":"Basha k\u00ebndon: Ejani mblidhuni k\u00ebtu-k\u00ebtu!"},"content":{"rendered":"<p>Me gjith\u00eb hedhjen e gazit lotsjell\u00ebs as kryetari i PD-s\u00eb Lulzim Basha dhe as kryetarja e LSI-s\u00eb Monika Kryemadhi nuk e kan\u00eb l\u00ebshuar protest\u00ebn. Basha ka k\u00ebnduar k\u00ebng\u00ebn e njohur partizane \u201cEjani mblidhuni k\u00ebtu\u201d duke iu b\u00ebr\u00eb thirrje protestuesve t\u00eb bashkohen.<\/p>\n<p>\u201cEdi Rama e Sand\u00ebr Lleshaj q\u00eb urdh\u00ebruan hedhjen e gazit lotsjell\u00ebs mbajeni mend edhe mbi grat\u00eb shtatz\u00ebna, dita do t\u00eb vij\u00eb p\u00ebr ju. Do t\u00eb jepni llogari para ligjit nga i pari tek i fundit. Sovrani do ju \u00e7oj\u00eb para drejt\u00ebsis\u00eb dhe n\u00eb burg aty ku e keni vendin horra dhe tradhtar\u00eb\u201d, deklaroi Basha.<\/p>\n<p>&nbsp;<\/p>","protected":false},"excerpt":{"rendered":"<p>Me gjith\u00eb hedhjen e gazit lotsjell\u00ebs as kryetari i PD-s\u00eb Lulzim Basha dhe as kryetarja e LSI-s\u00eb Monika Kryemadhi nuk e kan\u00eb l\u00ebshuar protest\u00ebn. Basha ka k\u00ebnduar k\u00ebng\u00ebn e njohur partizane \u201cEjani mblidhuni k\u00ebtu\u201d duke iu b\u00ebr\u00eb thirrje protestuesve t\u00eb bashkohen. \u201cEdi Rama e Sand\u00ebr Lleshaj q\u00eb urdh\u00ebruan hedhjen e gazit lotsjell\u00ebs mbajeni mend edhe [&hellip;]<\/p>\n","protected":false},"author":2013,"featured_media":69827,"comment_status":"open","ping_status":"closed","sticky":false,"template":"","format":"standard","meta":{"footnotes":""},"categories":[241,235],"tags":[],"class_list":{"0":"post-71222","1":"post","2":"type-post","3":"status-publish","4":"format-standard","5":"has-post-thumbnail","7":"category-aktualitet","8":"category-vendi"},"_links":{"self":[{"href":"https:\/\/zjarr.tv\/en\/wp-json\/wp\/v2\/posts\/71222","targetHints":{"allow":["GET"]}}],"collection":[{"href":"https:\/\/zjarr.tv\/en\/wp-json\/wp\/v2\/posts"}],"about":[{"href":"https:\/\/zjarr.tv\/en\/wp-json\/wp\/v2\/types\/post"}],"author":[{"embeddable":true,"href":"https:\/\/zjarr.tv\/en\/wp-json\/wp\/v2\/users\/2013"}],"replies":[{"embeddable":true,"href":"https:\/\/zjarr.tv\/en\/wp-json\/wp\/v2\/comments?post=71222"}],"version-history":[{"count":0,"href":"https:\/\/zjarr.tv\/en\/wp-json\/wp\/v2\/posts\/71222\/revisions"}],"wp:featuredmedia":[{"embeddable":true,"href":"https:\/\/zjarr.tv\/en\/wp-json\/wp\/v2\/media\/69827"}],"wp:attachment":[{"href":"https:\/\/zjarr.tv\/en\/wp-json\/wp\/v2\/media?parent=71222"}],"wp:term":[{"taxonomy":"category","embeddable":true,"href":"https:\/\/zjarr.tv\/en\/wp-json\/wp\/v2\/categories?post=71222"},{"taxonomy":"post_tag","embeddable":true,"href":"https:\/\/zjarr.tv\/en\/wp-json\/wp\/v2\/tags?post=71222"}],"curies":[{"name":"wp","href":"https:\/\/api.w.org\/{rel}","templated":true}]}}