{"id":71224,"date":"2019-02-26T18:53:22","date_gmt":"2019-02-26T17:53:22","guid":{"rendered":"https:\/\/zjarr.tv\/?p=71224"},"modified":"2019-02-26T18:56:45","modified_gmt":"2019-02-26T17:56:45","slug":"reagimi-i-analistit-te-majte-humbe-edi-opozites-ju-ngrit","status":"publish","type":"post","link":"https:\/\/zjarr.tv\/en\/reagimi-i-analistit-te-majte-humbe-edi-opozites-ju-ngrit\/","title":{"rendered":"Reagimi i analistit t\u00eb majt\u00eb\/ Humbe Edi, opozit\u00ebs ju \u2018ngrit\u2019"},"content":{"rendered":"<p>Shqiptar\u00ebt jan\u00eb mbledhur mbr\u00ebmjen e sotme n\u00eb nj\u00eb protest\u00eb madh\u00ebshtore para parlamentit. Mij\u00ebra qytetar\u00eb i jan\u00eb bashkuar thirrjes s\u00eb opozit\u00ebs p\u00ebr t\u00eb protestuar kund\u00ebr qeveris\u00eb s\u00eb Edi Ram\u00ebs. Kjo protest\u00eb madh\u00ebshtore ka sjell\u00eb edhe reagimin e analistit t\u00eb majt\u00eb, Andi Bushati. \u2018Rama me duket e humbi bastin, opozites po i ngrefet\u2019, shkruan Andi Bushati n\u00eb Facebook.<\/p>\n<p><a href=\"https:\/\/zjarr.tv\/wp-content\/uploads\/2019\/02\/auto_WhatsApp_Image_2019-02-26_at_18.15.421551201516.jpeg\"><img loading=\"lazy\" decoding=\"async\" class=\"alignnone size-full wp-image-71225\" src=\"https:\/\/zjarr.tv\/wp-content\/uploads\/2019\/02\/auto_WhatsApp_Image_2019-02-26_at_18.15.421551201516.jpeg\" alt=\"\" width=\"900\" height=\"288\" \/><\/a><\/p>","protected":false},"excerpt":{"rendered":"<p>Shqiptar\u00ebt jan\u00eb mbledhur mbr\u00ebmjen e sotme n\u00eb nj\u00eb protest\u00eb madh\u00ebshtore para parlamentit. Mij\u00ebra qytetar\u00eb i jan\u00eb bashkuar thirrjes s\u00eb opozit\u00ebs p\u00ebr t\u00eb protestuar kund\u00ebr qeveris\u00eb s\u00eb Edi Ram\u00ebs. Kjo protest\u00eb madh\u00ebshtore ka sjell\u00eb edhe reagimin e analistit t\u00eb majt\u00eb, Andi Bushati. \u2018Rama me duket e humbi bastin, opozites po i ngrefet\u2019, shkruan Andi Bushati n\u00eb [&hellip;]<\/p>\n","protected":false},"author":2013,"featured_media":0,"comment_status":"open","ping_status":"closed","sticky":false,"template":"","format":"standard","meta":{"footnotes":""},"categories":[241,235],"tags":[],"class_list":{"0":"post-71224","1":"post","2":"type-post","3":"status-publish","4":"format-standard","6":"category-aktualitet","7":"category-vendi"},"_links":{"self":[{"href":"https:\/\/zjarr.tv\/en\/wp-json\/wp\/v2\/posts\/71224","targetHints":{"allow":["GET"]}}],"collection":[{"href":"https:\/\/zjarr.tv\/en\/wp-json\/wp\/v2\/posts"}],"about":[{"href":"https:\/\/zjarr.tv\/en\/wp-json\/wp\/v2\/types\/post"}],"author":[{"embeddable":true,"href":"https:\/\/zjarr.tv\/en\/wp-json\/wp\/v2\/users\/2013"}],"replies":[{"embeddable":true,"href":"https:\/\/zjarr.tv\/en\/wp-json\/wp\/v2\/comments?post=71224"}],"version-history":[{"count":0,"href":"https:\/\/zjarr.tv\/en\/wp-json\/wp\/v2\/posts\/71224\/revisions"}],"wp:attachment":[{"href":"https:\/\/zjarr.tv\/en\/wp-json\/wp\/v2\/media?parent=71224"}],"wp:term":[{"taxonomy":"category","embeddable":true,"href":"https:\/\/zjarr.tv\/en\/wp-json\/wp\/v2\/categories?post=71224"},{"taxonomy":"post_tag","embeddable":true,"href":"https:\/\/zjarr.tv\/en\/wp-json\/wp\/v2\/tags?post=71224"}],"curies":[{"name":"wp","href":"https:\/\/api.w.org\/{rel}","templated":true}]}}