{"id":71230,"date":"2019-02-26T19:03:44","date_gmt":"2019-02-26T18:03:44","guid":{"rendered":"https:\/\/zjarr.tv\/?p=71230"},"modified":"2019-02-26T19:03:44","modified_gmt":"2019-02-26T18:03:44","slug":"ruci-zhduket-nga-parlamenti-ja-kush-jane-aleatet-qe-baktisen-bashen","status":"publish","type":"post","link":"https:\/\/zjarr.tv\/en\/ruci-zhduket-nga-parlamenti-ja-kush-jane-aleatet-qe-baktisen-bashen\/","title":{"rendered":"Ru\u00e7i \u2018zhduket\u2019 nga Parlamenti, ja kush jan\u00eb aleat\u00ebt q\u00eb baktis\u00ebn Bash\u00ebn"},"content":{"rendered":"<p>Kryetari i Parlamentit, Gramoz Ru\u00e7i, ka njoftuar bashkimin e deputetit t\u00eb PDIU-s\u00eb, Dritan Bi\u00e7i me Grupin Parlamentar t\u00eb PS-s\u00eb. M\u00eb pas ai \u00ebsht\u00eb larguar nga seanca, duke ia l\u00ebn\u00eb drejtimin e saj Vasilika Hysit. Sakaq, opozita vijon protest\u00ebn jasht\u00eb ambienteve t\u00eb Parlamentit dhe k\u00ebrkon largimin e Edi Ram\u00ebs. Ajo \u00e7far\u00eb vihet re \u00ebsht\u00eb mungesa e aleat\u00ebve t\u00eb Bash\u00ebs. Kreu i Partis\u00eb Agrare Ambientaliste, Agron Duka, kreu i Partis\u00eb Demokristiane Nard Ndoka dhe kreu \u00a0i PDBNJ Vangjel Dule, nuk jan\u00eb krah kryetarit t\u00eb opozit\u00ebs. Mes tyre dallohen vet\u00ebm prezenca e Fatmir Mediut dhe shum\u00eb deputet\u00ebve t\u00eb tjer\u00eb t\u00eb opozit\u00ebs.<\/p>","protected":false},"excerpt":{"rendered":"<p>Kryetari i Parlamentit, Gramoz Ru\u00e7i, ka njoftuar bashkimin e deputetit t\u00eb PDIU-s\u00eb, Dritan Bi\u00e7i me Grupin Parlamentar t\u00eb PS-s\u00eb. M\u00eb pas ai \u00ebsht\u00eb larguar nga seanca, duke ia l\u00ebn\u00eb drejtimin e saj Vasilika Hysit. Sakaq, opozita vijon protest\u00ebn jasht\u00eb ambienteve t\u00eb Parlamentit dhe k\u00ebrkon largimin e Edi Ram\u00ebs. Ajo \u00e7far\u00eb vihet re \u00ebsht\u00eb mungesa e [&hellip;]<\/p>\n","protected":false},"author":2013,"featured_media":0,"comment_status":"open","ping_status":"closed","sticky":false,"template":"","format":"standard","meta":{"footnotes":""},"categories":[241,235],"tags":[],"class_list":{"0":"post-71230","1":"post","2":"type-post","3":"status-publish","4":"format-standard","6":"category-aktualitet","7":"category-vendi"},"_links":{"self":[{"href":"https:\/\/zjarr.tv\/en\/wp-json\/wp\/v2\/posts\/71230","targetHints":{"allow":["GET"]}}],"collection":[{"href":"https:\/\/zjarr.tv\/en\/wp-json\/wp\/v2\/posts"}],"about":[{"href":"https:\/\/zjarr.tv\/en\/wp-json\/wp\/v2\/types\/post"}],"author":[{"embeddable":true,"href":"https:\/\/zjarr.tv\/en\/wp-json\/wp\/v2\/users\/2013"}],"replies":[{"embeddable":true,"href":"https:\/\/zjarr.tv\/en\/wp-json\/wp\/v2\/comments?post=71230"}],"version-history":[{"count":0,"href":"https:\/\/zjarr.tv\/en\/wp-json\/wp\/v2\/posts\/71230\/revisions"}],"wp:attachment":[{"href":"https:\/\/zjarr.tv\/en\/wp-json\/wp\/v2\/media?parent=71230"}],"wp:term":[{"taxonomy":"category","embeddable":true,"href":"https:\/\/zjarr.tv\/en\/wp-json\/wp\/v2\/categories?post=71230"},{"taxonomy":"post_tag","embeddable":true,"href":"https:\/\/zjarr.tv\/en\/wp-json\/wp\/v2\/tags?post=71230"}],"curies":[{"name":"wp","href":"https:\/\/api.w.org\/{rel}","templated":true}]}}