{"id":71335,"date":"2019-02-27T13:23:11","date_gmt":"2019-02-27T12:23:11","guid":{"rendered":"https:\/\/zjarr.tv\/?p=71335"},"modified":"2019-02-27T13:23:11","modified_gmt":"2019-02-27T12:23:11","slug":"mbyllja-e-hetimeve-avokati-i-tahirit-te-krimet-e-renda-nuk-jemi-njohur-me-materialin","status":"publish","type":"post","link":"https:\/\/zjarr.tv\/en\/mbyllja-e-hetimeve-avokati-i-tahirit-te-krimet-e-renda-nuk-jemi-njohur-me-materialin\/","title":{"rendered":"Mbyllja e hetimeve, avokati i Tahirit te Krimet e R\u00ebnda: Nuk jemi njohur me materialin"},"content":{"rendered":"<p>Avokati i ish-ministrit t\u00eb Brendsh\u00ebm Saimir Tahiri, Maks Haxhia thot\u00eb se Prokuroria e Krimeve t\u00eb R\u00ebnda nuk iu ka dh\u00ebn\u00eb materialin, pas p\u00ebrfundimit t\u00eb hetimeve.<\/p>\n<p>\u201cKemi k\u00ebrkuar t\u00eb njihemi me dosjen q\u00eb do t\u00eb gjykohet, por deri tani nuk e kemi marr\u00eb materialin\u201d, tha Haxhia p\u00ebr mediat, dit\u00ebn e sotme.<\/p>\n<p>Gjith\u00e7ka pasi paraditen e sotme dosja n\u00eb ngarkim t\u00eb Tahirit \u00ebsht\u00eb d\u00ebrguar n\u00eb gjykat\u00eb nga Prokuroria e Krimeve t\u00eb R\u00ebnda.<\/p>\n<p>Nd\u00ebrkoh\u00eb dit\u00ebn e nes\u00ebrme n\u00eb or\u00ebn 13.00, Tahiri \u00ebsht\u00eb thirrur p\u00ebr tu njohur me akuzat.<\/p>\n<p>Ndaj ish-ministrit jan\u00eb ngritur akuzat e veprave penale \u201cTrafik nd\u00ebrkomb\u00ebtar droge\u201d n\u00eb bashk\u00ebpunim, \u201cGrup i strukturuar kriminal\u201d dhe \u201cShp\u00ebrdorim detyre\u201d.<\/p>\n<p>Mbyllja e hetimeve ndaj ish-ministrit dhe d\u00ebrgimi i dosjes n\u00eb gjykat\u00eb, vjen pasi m\u00eb 11 shkurt Gjykata e Krimeve t\u00eb R\u00ebnda, pranoi k\u00ebrkes\u00ebn e ish-ministrit t\u00eb Brendsh\u00ebm, p\u00ebr t\u00eb mos zgjatur hetimet me tre muaj t\u00eb tjer\u00eb.<\/p>\n<p>Saimir Tahiri \u00ebsht\u00eb v\u00ebn\u00eb n\u00ebn hetim, si i dyshuar p\u00ebr lidhje me grupin \u201cHabilaj\u201d q\u00eb merrej me trafik droge drejt Italis\u00eb. Ai akuzohet se i krijonte leht\u00ebsi grupit n\u00eb aktivitetin kriminal.<\/p>","protected":false},"excerpt":{"rendered":"<p>Avokati i ish-ministrit t\u00eb Brendsh\u00ebm Saimir Tahiri, Maks Haxhia thot\u00eb se Prokuroria e Krimeve t\u00eb R\u00ebnda nuk iu ka dh\u00ebn\u00eb materialin, pas p\u00ebrfundimit t\u00eb hetimeve. \u201cKemi k\u00ebrkuar t\u00eb njihemi me dosjen q\u00eb do t\u00eb gjykohet, por deri tani nuk e kemi marr\u00eb materialin\u201d, tha Haxhia p\u00ebr mediat, dit\u00ebn e sotme. Gjith\u00e7ka pasi paraditen e sotme [&hellip;]<\/p>\n","protected":false},"author":4,"featured_media":0,"comment_status":"open","ping_status":"closed","sticky":false,"template":"","format":"standard","meta":{"footnotes":""},"categories":[241,231,235],"tags":[],"class_list":{"0":"post-71335","1":"post","2":"type-post","3":"status-publish","4":"format-standard","6":"category-aktualitet","7":"category-lajme","8":"category-vendi"},"_links":{"self":[{"href":"https:\/\/zjarr.tv\/en\/wp-json\/wp\/v2\/posts\/71335","targetHints":{"allow":["GET"]}}],"collection":[{"href":"https:\/\/zjarr.tv\/en\/wp-json\/wp\/v2\/posts"}],"about":[{"href":"https:\/\/zjarr.tv\/en\/wp-json\/wp\/v2\/types\/post"}],"author":[{"embeddable":true,"href":"https:\/\/zjarr.tv\/en\/wp-json\/wp\/v2\/users\/4"}],"replies":[{"embeddable":true,"href":"https:\/\/zjarr.tv\/en\/wp-json\/wp\/v2\/comments?post=71335"}],"version-history":[{"count":0,"href":"https:\/\/zjarr.tv\/en\/wp-json\/wp\/v2\/posts\/71335\/revisions"}],"wp:attachment":[{"href":"https:\/\/zjarr.tv\/en\/wp-json\/wp\/v2\/media?parent=71335"}],"wp:term":[{"taxonomy":"category","embeddable":true,"href":"https:\/\/zjarr.tv\/en\/wp-json\/wp\/v2\/categories?post=71335"},{"taxonomy":"post_tag","embeddable":true,"href":"https:\/\/zjarr.tv\/en\/wp-json\/wp\/v2\/tags?post=71335"}],"curies":[{"name":"wp","href":"https:\/\/api.w.org\/{rel}","templated":true}]}}