{"id":71337,"date":"2019-02-27T13:21:44","date_gmt":"2019-02-27T12:21:44","guid":{"rendered":"https:\/\/zjarr.tv\/?p=71337"},"modified":"2019-02-27T13:21:44","modified_gmt":"2019-02-27T12:21:44","slug":"rikthehet-ne-parkun-kombetar-te-tomorrit-gjeli-i-eger","status":"publish","type":"post","link":"https:\/\/zjarr.tv\/en\/rikthehet-ne-parkun-kombetar-te-tomorrit-gjeli-i-eger\/","title":{"rendered":"Rikthehet n\u00eb parkun komb\u00ebtar t\u00eb Tomorrit gjeli i eg\u00ebr"},"content":{"rendered":"<p style=\"line-height: 16.5pt;background: white;vertical-align: baseline;margin: 0in 0in 12.0pt 0in\"><span style=\"color: black\">Gjeli i eg\u00ebr \u00ebsht\u00eb nj\u00eb specie e k\u00ebrc\u00ebnuar nga zhdukja q\u00eb jeton pak n\u00eb num\u00ebr n\u00eb pyjet e dendura halore n\u00eb Europ\u00eb nga vendet Skandinave n\u00eb at\u00eb t\u00eb Mesdheut. Gjeli i eg\u00ebr i p\u00ebrket familjes fazane (Phasianidae).<\/span><\/p>\n<p style=\"line-height: 16.5pt;background: white;vertical-align: baseline;text-align: start;margin: 0in 0in 12.0pt 0in\"><span style=\"color: black\">Mashkulli \u00ebsht\u00eb rreth 90 cm i gjat\u00eb me pesh\u00eb 3,5-5 kg nd\u00ebrsa femra \u00ebsht\u00eb m\u00eb e vog\u00ebl, rreth 60 cm e gjat\u00eb me nj\u00eb pesh\u00eb 2,5-3,5 kg. Puplat e trupit t\u00eb mashkullit jan\u00eb t\u00eb err\u00ebta dhe t\u00eb shndritshme, nd\u00ebrsa ato t\u00eb femrave jan\u00eb ngjyr\u00eb g\u00ebshtenj\u00eb, njofton ATSH<\/span><\/p>\n<p style=\"line-height: 16.5pt;background: white;vertical-align: baseline;margin: 0in 0in 12.0pt 0in\"><span style=\"color: black;background: white\">N\u00eb Shqip\u00ebri, ky zog i rrall\u00eb rritet n\u00eb zonat malore veriore dhe qendrore, n\u00eb ve\u00e7anti n\u00eb Parkun Komb\u00ebtar \u201cMali i Tomorrit\u201d. Fal\u00eb projektit LASPEH, i cili ka p\u00ebr q\u00ebllim p\u00ebrcaktimin e nj\u00eb strategjie t\u00eb p\u00ebrbashk\u00ebt p\u00ebr ruajtjen e trash\u00ebgimis\u00eb natyrore dhe peizazhore t\u00eb zon\u00ebs s\u00eb Adriatikut t\u00eb ul\u00ebt (ve\u00e7an\u00ebrisht n\u00eb Itali, Shqip\u00ebri dhe Mal t\u00eb Zi), do t\u00eb zbatohen veprime konkrete p\u00ebr t\u00eb p\u00ebrmir\u00ebsuar nivelin e mbrojtjes s\u00eb gjelit t\u00eb eg\u00ebr dhe habitatit t\u00eb tij<\/span><\/p>\n<p style=\"line-height: 16.5pt;background: white;vertical-align: baseline;margin: 0in 0in 12.0pt 0in\"><span style=\"color: black\">P\u00ebr shembull, pyll\u00ebzimi i territoreve shqiptare p\u00ebrfshin: Malin e Tomorrit, Dardh\u00eb dhe Kapinov (\u201csht\u00ebpia\u201d natyrore e gjelit t\u00eb eg\u00ebr).<\/span><\/p>\n<p style=\"line-height: 16.5pt;background: white;vertical-align: baseline;text-align: start;margin: 0in 0in 12.0pt 0in\"><span style=\"color: black\">N\u00eb fakt, n\u00eb k\u00ebt\u00eb fush\u00eb, numri i k\u00ebtyre shpend\u00ebve ka r\u00ebn\u00eb masivisht gjat\u00eb 20 viteve t\u00eb fundit dhe vet\u00ebm pas nj\u00eb moratoriumi gjuetie, prania e k\u00ebsaj specie rifilloi rritjen. N\u00eb ve\u00e7anti, n\u00eb Parkun Komb\u00ebtar \u201cMali i Tomorrit\u201d u identifikua nj\u00eb popullsi e gjelit t\u00eb eg\u00ebr e p\u00ebrshtatshme p\u00ebr riprodhim.<\/span><\/p>\n<p style=\"line-height: 16.5pt;background: white;vertical-align: baseline;text-align: start;margin: 0in 0in 12.0pt 0in\"><span style=\"color: black\">Gjat\u00eb monitorimit territorial, \u00ebsht\u00eb d\u00ebgjuar k\u00ebnga e tyre, por nuk jan\u00eb fotografuar ende.<\/span><\/p>","protected":false},"excerpt":{"rendered":"<p>Gjeli i eg\u00ebr \u00ebsht\u00eb nj\u00eb specie e k\u00ebrc\u00ebnuar nga zhdukja q\u00eb jeton pak n\u00eb num\u00ebr n\u00eb pyjet e dendura halore n\u00eb Europ\u00eb nga vendet Skandinave n\u00eb at\u00eb t\u00eb Mesdheut. Gjeli i eg\u00ebr i p\u00ebrket familjes fazane (Phasianidae). Mashkulli \u00ebsht\u00eb rreth 90 cm i gjat\u00eb me pesh\u00eb 3,5-5 kg nd\u00ebrsa femra \u00ebsht\u00eb m\u00eb e vog\u00ebl, rreth [&hellip;]<\/p>\n","protected":false},"author":2020,"featured_media":0,"comment_status":"open","ping_status":"closed","sticky":false,"template":"","format":"standard","meta":{"footnotes":""},"categories":[241,337,235],"tags":[],"class_list":{"0":"post-71337","1":"post","2":"type-post","3":"status-publish","4":"format-standard","6":"category-aktualitet","7":"category-kulture","8":"category-vendi"},"_links":{"self":[{"href":"https:\/\/zjarr.tv\/en\/wp-json\/wp\/v2\/posts\/71337","targetHints":{"allow":["GET"]}}],"collection":[{"href":"https:\/\/zjarr.tv\/en\/wp-json\/wp\/v2\/posts"}],"about":[{"href":"https:\/\/zjarr.tv\/en\/wp-json\/wp\/v2\/types\/post"}],"author":[{"embeddable":true,"href":"https:\/\/zjarr.tv\/en\/wp-json\/wp\/v2\/users\/2020"}],"replies":[{"embeddable":true,"href":"https:\/\/zjarr.tv\/en\/wp-json\/wp\/v2\/comments?post=71337"}],"version-history":[{"count":0,"href":"https:\/\/zjarr.tv\/en\/wp-json\/wp\/v2\/posts\/71337\/revisions"}],"wp:attachment":[{"href":"https:\/\/zjarr.tv\/en\/wp-json\/wp\/v2\/media?parent=71337"}],"wp:term":[{"taxonomy":"category","embeddable":true,"href":"https:\/\/zjarr.tv\/en\/wp-json\/wp\/v2\/categories?post=71337"},{"taxonomy":"post_tag","embeddable":true,"href":"https:\/\/zjarr.tv\/en\/wp-json\/wp\/v2\/tags?post=71337"}],"curies":[{"name":"wp","href":"https:\/\/api.w.org\/{rel}","templated":true}]}}