{"id":71372,"date":"2019-02-27T15:00:38","date_gmt":"2019-02-27T14:00:38","guid":{"rendered":"https:\/\/zjarr.tv\/?p=71372"},"modified":"2019-02-27T15:00:38","modified_gmt":"2019-02-27T14:00:38","slug":"shkoder-mbytet-50-vjecari-ne-lume-ja-dyshimet-e-policise","status":"publish","type":"post","link":"https:\/\/zjarr.tv\/en\/shkoder-mbytet-50-vjecari-ne-lume-ja-dyshimet-e-policise\/","title":{"rendered":"Shkod\u00ebr\/ Mbytet 50-vje\u00e7ari n\u00eb lum\u00eb, ja dyshimet e policis\u00eb"},"content":{"rendered":"<p style=\"background: white;margin: 0in 0in 7.5pt 0in\"><span style=\"color: #333333\">Nj\u00eb person rreth t\u00eb 50-ve ka humbur jet\u00ebn n\u00eb uj\u00ebrat e lumit Drin. Ngjarja ka ndodhur n\u00eb rrethana ende t\u00eb paqarta, pasi nuk dihet n\u00ebse ai \u00ebsht\u00eb hedhur nga ura e Bah\u00e7allekut apo ka hyr\u00eb n\u00eb lum\u00eb dhe \u00ebsht\u00eb mbytur.<\/span><\/p>\n<p style=\"background: white;margin: 0in 0in 7.5pt 0in\"><span style=\"color: #333333\">D\u00ebshmitar\u00ebt n\u00eb vendin e ngjarjes jan\u00eb marr\u00eb n\u00eb pyetje nga policia, por ata kan\u00eb dh\u00ebn\u00eb versione kontradiktore.<\/span><\/p>\n<p style=\"background: white;margin: 0in 0in 7.5pt 0in\"><span style=\"color: #333333\">Nd\u00ebrkoh\u00eb mbi ur\u00eb \u00ebsht\u00eb gjetur bi\u00e7ikleta dhe rrobat e tij.<\/span><\/p>\n<p style=\"background: white;margin: 0in 0in 7.5pt 0in\"><span style=\"color: #333333\">Policia me FNSH po k\u00ebrkojn\u00eb pasi ka sinjalizime q\u00eb trupi ka dal\u00eb n\u00eb nj\u00eb prej ishujve t\u00eb vegj\u00ebl ku bashkohet Buna me Drinin.<\/span><\/p>\n<p style=\"background: white;margin: 0in 0in 7.5pt 0in\"><span style=\"color: #333333\">Nuk dihet ende identiteti i viktim\u00ebs, nd\u00ebrsa policia po heton p\u00ebr zbardhjen e ngjarjes.<\/span><\/p>","protected":false},"excerpt":{"rendered":"<p>Nj\u00eb person rreth t\u00eb 50-ve ka humbur jet\u00ebn n\u00eb uj\u00ebrat e lumit Drin. Ngjarja ka ndodhur n\u00eb rrethana ende t\u00eb paqarta, pasi nuk dihet n\u00ebse ai \u00ebsht\u00eb hedhur nga ura e Bah\u00e7allekut apo ka hyr\u00eb n\u00eb lum\u00eb dhe \u00ebsht\u00eb mbytur. D\u00ebshmitar\u00ebt n\u00eb vendin e ngjarjes jan\u00eb marr\u00eb n\u00eb pyetje nga policia, por ata kan\u00eb dh\u00ebn\u00eb [&hellip;]<\/p>\n","protected":false},"author":2020,"featured_media":0,"comment_status":"open","ping_status":"closed","sticky":false,"template":"","format":"standard","meta":{"footnotes":""},"categories":[241,231,235],"tags":[],"class_list":{"0":"post-71372","1":"post","2":"type-post","3":"status-publish","4":"format-standard","6":"category-aktualitet","7":"category-lajme","8":"category-vendi"},"_links":{"self":[{"href":"https:\/\/zjarr.tv\/en\/wp-json\/wp\/v2\/posts\/71372","targetHints":{"allow":["GET"]}}],"collection":[{"href":"https:\/\/zjarr.tv\/en\/wp-json\/wp\/v2\/posts"}],"about":[{"href":"https:\/\/zjarr.tv\/en\/wp-json\/wp\/v2\/types\/post"}],"author":[{"embeddable":true,"href":"https:\/\/zjarr.tv\/en\/wp-json\/wp\/v2\/users\/2020"}],"replies":[{"embeddable":true,"href":"https:\/\/zjarr.tv\/en\/wp-json\/wp\/v2\/comments?post=71372"}],"version-history":[{"count":0,"href":"https:\/\/zjarr.tv\/en\/wp-json\/wp\/v2\/posts\/71372\/revisions"}],"wp:attachment":[{"href":"https:\/\/zjarr.tv\/en\/wp-json\/wp\/v2\/media?parent=71372"}],"wp:term":[{"taxonomy":"category","embeddable":true,"href":"https:\/\/zjarr.tv\/en\/wp-json\/wp\/v2\/categories?post=71372"},{"taxonomy":"post_tag","embeddable":true,"href":"https:\/\/zjarr.tv\/en\/wp-json\/wp\/v2\/tags?post=71372"}],"curies":[{"name":"wp","href":"https:\/\/api.w.org\/{rel}","templated":true}]}}