{"id":71381,"date":"2019-02-27T15:04:47","date_gmt":"2019-02-27T14:04:47","guid":{"rendered":"https:\/\/zjarr.tv\/?p=71381"},"modified":"2019-02-27T15:04:47","modified_gmt":"2019-02-27T14:04:47","slug":"komuniteti-mysliman-i-shqiperise-me-2-mars-do-te-zgjedhe-kryetarin-e-ri","status":"publish","type":"post","link":"https:\/\/zjarr.tv\/en\/komuniteti-mysliman-i-shqiperise-me-2-mars-do-te-zgjedhe-kryetarin-e-ri\/","title":{"rendered":"Komuniteti Mysliman  i Shqip\u00ebris\u00eb me 2 Mars do t\u00eb zgjedh\u00eb kryetarin e ri"},"content":{"rendered":"<p style=\"background: white;margin: 0in 0in 7.5pt 0in\"><span style=\"color: #333333\">Komuniteti Mysliman \u00a0i Shqip\u00ebris\u00eb me 2 Mars do t\u00eb zgjedh\u00eb kryetarin e ri p\u00ebr nj\u00eb mandat 5-vje\u00e7ar. Sk\u00ebnd\u00ebr Bru\u00e7aj k\u00ebrkon nj\u00eb mandat t\u00eb dyt\u00eb p\u00ebr t\u00eb drejtuar k\u00ebt\u00eb institucion fetar, nd\u00ebrsa p\u00ebrball\u00eb tij do t\u00eb konkurrojn\u00eb dy kandidat\u00eb t\u00eb tjer\u00eb, ku spikat emri i Myftiut t\u00eb Tiran\u00ebs. Afati p\u00ebr t\u00eb konkurruar p\u00ebr k\u00ebt\u00eb post p\u00ebrfundon me 28 Shkurt.<\/span><\/p>\n<p style=\"background: white;text-align: start;margin: 0in 0in 7.5pt 0in\"><strong><span style=\"color: #333333\">Agron Hoxha, drejtori i medias n\u00eb KMSH:<\/span><\/strong><span style=\"color: #333333\">\u00a0<em>&#8220;Kemi kandidatur\u00ebn e kreut aktual t\u00eb KMSH. \u00cbsht\u00eb myftiu i Tiran\u00ebs Ylli Gurra, \u00ebsht\u00eb edhe inspektori i xhamive i KMSH, G\u00ebzim Abdishaku.&#8221;<\/em><\/span><\/p>\n<p style=\"background: white;text-align: start;margin: 0in 0in 7.5pt 0in\"><span style=\"color: #333333\">Kryetari i ri do t\u00eb zgjidhet me vot\u00eb t\u00eb fsheht\u00eb nga 12 an\u00ebtar\u00ebt e Kryesis\u00eb s\u00eb Komunitetit Mysliman, 35 myftinj si dhe an\u00ebtar\u00eb nga shoq\u00ebria civile. Gjat\u00eb dit\u00ebs s\u00eb shtun\u00eb pritet t\u00eb shpallet edhe fituesi.<\/span><\/p>\n<p style=\"background: white;text-align: start;margin: 0in 0in 7.5pt 0in\"><strong><span style=\"color: #333333\">Agron Hoxha, drejtori i medias n\u00eb KMSH:\u00a0<\/span><\/strong><em><span style=\"color: #333333\">&#8220;Kryesia e Komunitetit Mysliman Shqiptar do t\u00eb mb\u00ebj\u00eb nj\u00eb mbledhje dhe do t\u00eb zyrtarizoj\u00eb kandidaturat, q\u00eb do ti kalojn\u00eb k\u00ebshillit t\u00eb p\u00ebrgjithsh\u00ebm, i cili do t\u00eb mblidh\u00ebt n\u00eb 2 mars dhe me votim t\u00eb fsheht\u00eb do t\u00eb zgjedhin drejtuesin e KMSH p\u00ebr 5 vitet e ardhshme&#8221;<\/span><\/em><\/p>\n<p style=\"background: white;text-align: start;margin: 0in 0in 7.5pt 0in\"><span style=\"color: #333333\">Zgjedhja e drejtuesit t\u00eb ri t\u00eb komunitetit Mysliman pritet t\u00eb pasohet edhe me p\u00ebrfundimin e punimeve t\u00eb Xhamis\u00eb s\u00eb Namazgjas\u00eb n\u00eb vjesht\u00eb.<\/span><\/p>","protected":false},"excerpt":{"rendered":"<p>Komuniteti Mysliman \u00a0i Shqip\u00ebris\u00eb me 2 Mars do t\u00eb zgjedh\u00eb kryetarin e ri p\u00ebr nj\u00eb mandat 5-vje\u00e7ar. Sk\u00ebnd\u00ebr Bru\u00e7aj k\u00ebrkon nj\u00eb mandat t\u00eb dyt\u00eb p\u00ebr t\u00eb drejtuar k\u00ebt\u00eb institucion fetar, nd\u00ebrsa p\u00ebrball\u00eb tij do t\u00eb konkurrojn\u00eb dy kandidat\u00eb t\u00eb tjer\u00eb, ku spikat emri i Myftiut t\u00eb Tiran\u00ebs. Afati p\u00ebr t\u00eb konkurruar p\u00ebr k\u00ebt\u00eb post p\u00ebrfundon [&hellip;]<\/p>\n","protected":false},"author":2020,"featured_media":0,"comment_status":"open","ping_status":"closed","sticky":false,"template":"","format":"standard","meta":{"footnotes":""},"categories":[241,231,235],"tags":[],"class_list":{"0":"post-71381","1":"post","2":"type-post","3":"status-publish","4":"format-standard","6":"category-aktualitet","7":"category-lajme","8":"category-vendi"},"_links":{"self":[{"href":"https:\/\/zjarr.tv\/en\/wp-json\/wp\/v2\/posts\/71381","targetHints":{"allow":["GET"]}}],"collection":[{"href":"https:\/\/zjarr.tv\/en\/wp-json\/wp\/v2\/posts"}],"about":[{"href":"https:\/\/zjarr.tv\/en\/wp-json\/wp\/v2\/types\/post"}],"author":[{"embeddable":true,"href":"https:\/\/zjarr.tv\/en\/wp-json\/wp\/v2\/users\/2020"}],"replies":[{"embeddable":true,"href":"https:\/\/zjarr.tv\/en\/wp-json\/wp\/v2\/comments?post=71381"}],"version-history":[{"count":0,"href":"https:\/\/zjarr.tv\/en\/wp-json\/wp\/v2\/posts\/71381\/revisions"}],"wp:attachment":[{"href":"https:\/\/zjarr.tv\/en\/wp-json\/wp\/v2\/media?parent=71381"}],"wp:term":[{"taxonomy":"category","embeddable":true,"href":"https:\/\/zjarr.tv\/en\/wp-json\/wp\/v2\/categories?post=71381"},{"taxonomy":"post_tag","embeddable":true,"href":"https:\/\/zjarr.tv\/en\/wp-json\/wp\/v2\/tags?post=71381"}],"curies":[{"name":"wp","href":"https:\/\/api.w.org\/{rel}","templated":true}]}}